{"id":1007,"date":"2020-10-09T20:28:00","date_gmt":"2020-10-09T20:28:00","guid":{"rendered":"http:\/\/archeologiechretienne.ive.org\/?p=1007"},"modified":"2020-10-10T11:32:53","modified_gmt":"2020-10-10T11:32:53","slug":"le-missel-et-lostensoir-eucharistique-de-carthage","status":"publish","type":"post","link":"http:\/\/archeologiechretienne.ive.org\/?p=1007","title":{"rendered":"LE MISSEL ET L&rsquo;OSTENSOIR EUCHARISTIQUE DE CARTHAGE"},"content":{"rendered":"\n<p style=\"text-align: justify;\"><span style=\"color: #000000;\">Je voudrais \u00e9voquer dans cet article deux objets, appartenant \u00e0 l\u2019art de la maroquinerie, le premier, et de l\u2019orf\u00e8vrerie, le deuxi\u00e8me, d\u2019excellente qualit\u00e9. Tous les deux sont de la m\u00eame \u00e9poque et servirent pour le m\u00eame \u00e9v\u00e8nement religieux&nbsp;: le Congr\u00e8s Eucharistique International de Carthage de 1930. Le premier n\u2019a jamais \u00e9t\u00e9 publi\u00e9, le deuxi\u00e8me fut publi\u00e9 par le P. Delattre en 1933.<\/span><\/p>\n<p style=\"text-align: justify;\"><span style=\"color: #000000;\">Vous pouvez t\u00e9l\u00e9charger l&rsquo;article ci-d\u00e9ssous<\/span><\/p>\n<p style=\"text-align: justify;\"><span style=\"color: #000000;\">Bonne lecture. P. Silvio Moreno, ive<\/span><\/p>\n\n\n\n<figure class=\"wp-block-image size-large\"><a href=\"https:\/\/www.academia.edu\/44260065\/2020_P_Silvio_MORENO_LE_MISSEL_ET_LOSTENSOIR_EUCHARISTIQUE_DE_CARTHAGE_1930_dans_les_archives_historiques_du_dioc%C3%A8se_de_Tunis\" target=\"_blank\" rel=\"noopener noreferrer\"><img data-recalc-dims=\"1\" loading=\"lazy\" decoding=\"async\" width=\"702\" height=\"1024\" src=\"https:\/\/i0.wp.com\/archeologiechretienne.ive.org\/wp-content\/uploads\/2020\/10\/Missel-internet.jpg?resize=702%2C1024\" alt=\"\" class=\"wp-image-1008\" srcset=\"https:\/\/i0.wp.com\/archeologiechretienne.ive.org\/wp-content\/uploads\/2020\/10\/Missel-internet.jpg?resize=702%2C1024 702w, https:\/\/i0.wp.com\/archeologiechretienne.ive.org\/wp-content\/uploads\/2020\/10\/Missel-internet.jpg?resize=206%2C300 206w, https:\/\/i0.wp.com\/archeologiechretienne.ive.org\/wp-content\/uploads\/2020\/10\/Missel-internet.jpg?resize=768%2C1120 768w, https:\/\/i0.wp.com\/archeologiechretienne.ive.org\/wp-content\/uploads\/2020\/10\/Missel-internet.jpg?resize=1053%2C1536 1053w, https:\/\/i0.wp.com\/archeologiechretienne.ive.org\/wp-content\/uploads\/2020\/10\/Missel-internet.jpg?resize=1405%2C2048 1405w, https:\/\/i0.wp.com\/archeologiechretienne.ive.org\/wp-content\/uploads\/2020\/10\/Missel-internet.jpg?resize=103%2C150 103w, https:\/\/i0.wp.com\/archeologiechretienne.ive.org\/wp-content\/uploads\/2020\/10\/Missel-internet.jpg?w=1500 1500w\" sizes=\"auto, (max-width: 702px) 100vw, 702px\" \/><\/a><figcaption>La couverture du Missel de Carthage, 1930<\/figcaption><\/figure>\n\n\n\n<div class=\"wp-block-image\"><figure class=\"aligncenter size-large\"><a href=\"https:\/\/www.academia.edu\/44260065\/2020_P_Silvio_MORENO_LE_MISSEL_ET_LOSTENSOIR_EUCHARISTIQUE_DE_CARTHAGE_1930_dans_les_archives_historiques_du_dioc%C3%A8se_de_Tunis\" target=\"_blank\" rel=\"noopener noreferrer\"><img data-recalc-dims=\"1\" loading=\"lazy\" decoding=\"async\" width=\"542\" height=\"1024\" src=\"https:\/\/i0.wp.com\/archeologiechretienne.ive.org\/wp-content\/uploads\/2020\/10\/20171001_200853.jpg?resize=542%2C1024\" alt=\"\" class=\"wp-image-1009\" srcset=\"https:\/\/i0.wp.com\/archeologiechretienne.ive.org\/wp-content\/uploads\/2020\/10\/20171001_200853-scaled.jpg?resize=542%2C1024 542w, https:\/\/i0.wp.com\/archeologiechretienne.ive.org\/wp-content\/uploads\/2020\/10\/20171001_200853-scaled.jpg?resize=159%2C300 159w, https:\/\/i0.wp.com\/archeologiechretienne.ive.org\/wp-content\/uploads\/2020\/10\/20171001_200853-scaled.jpg?resize=768%2C1452 768w, https:\/\/i0.wp.com\/archeologiechretienne.ive.org\/wp-content\/uploads\/2020\/10\/20171001_200853-scaled.jpg?resize=812%2C1536 812w, https:\/\/i0.wp.com\/archeologiechretienne.ive.org\/wp-content\/uploads\/2020\/10\/20171001_200853-scaled.jpg?resize=1083%2C2048 1083w, https:\/\/i0.wp.com\/archeologiechretienne.ive.org\/wp-content\/uploads\/2020\/10\/20171001_200853-scaled.jpg?resize=79%2C150 79w, https:\/\/i0.wp.com\/archeologiechretienne.ive.org\/wp-content\/uploads\/2020\/10\/20171001_200853-scaled.jpg?w=1354 1354w\" sizes=\"auto, (max-width: 542px) 100vw, 542px\" \/><\/a><figcaption>L&rsquo;Ostensoir Eucharistique de Carthage, 1930<\/figcaption><\/figure><\/div>\n","protected":false},"excerpt":{"rendered":"<p>Je voudrais \u00e9voquer dans cet article deux objets, appartenant \u00e0 l\u2019art de la maroquinerie, le premier, et de l\u2019orf\u00e8vrerie, le deuxi\u00e8me, d\u2019excellente qualit\u00e9. Tous les deux sont de la m\u00eame \u00e9poque et servirent pour le m\u00eame \u00e9v\u00e8nement religieux&nbsp;: le Congr\u00e8s Eucharistique International de Carthage de 1930. Le premier n\u2019a jamais \u2026<\/p>\n<p class=\"continue-reading-button\"> <a class=\"continue-reading-link\" href=\"http:\/\/archeologiechretienne.ive.org\/?p=1007\">Continuer \u00e0 lire<i class=\"crycon-right-dir\"><\/i><\/a><\/p>\n","protected":false},"author":1,"featured_media":0,"comment_status":"open","ping_status":"open","sticky":false,"template":"","format":"standard","meta":{"jetpack_post_was_ever_published":false,"_jetpack_newsletter_access":"","_jetpack_dont_email_post_to_subs":false,"_jetpack_newsletter_tier_id":0,"_jetpack_memberships_contains_paywalled_content":false,"_jetpack_memberships_contains_paid_content":false,"footnotes":"","jetpack_publicize_message":"","jetpack_publicize_feature_enabled":true,"jetpack_social_post_already_shared":true,"jetpack_social_options":{"image_generator_settings":{"template":"highway","default_image_id":0,"font":"","enabled":false},"version":2}},"categories":[1],"tags":[56,64,67,194,63],"class_list":["post-1007","post","type-post","status-publish","format-standard","hentry","category-uncategorized","tag-art-chretien","tag-cardinal-lavigerie","tag-carthage-chretienne","tag-liturgie-chretienne","tag-pere-delattre"],"jetpack_publicize_connections":[],"jetpack_featured_media_url":"","jetpack_sharing_enabled":true,"jetpack_shortlink":"https:\/\/wp.me\/p5FzU9-gf","_links":{"self":[{"href":"http:\/\/archeologiechretienne.ive.org\/index.php?rest_route=\/wp\/v2\/posts\/1007","targetHints":{"allow":["GET"]}}],"collection":[{"href":"http:\/\/archeologiechretienne.ive.org\/index.php?rest_route=\/wp\/v2\/posts"}],"about":[{"href":"http:\/\/archeologiechretienne.ive.org\/index.php?rest_route=\/wp\/v2\/types\/post"}],"author":[{"embeddable":true,"href":"http:\/\/archeologiechretienne.ive.org\/index.php?rest_route=\/wp\/v2\/users\/1"}],"replies":[{"embeddable":true,"href":"http:\/\/archeologiechretienne.ive.org\/index.php?rest_route=%2Fwp%2Fv2%2Fcomments&post=1007"}],"version-history":[{"count":3,"href":"http:\/\/archeologiechretienne.ive.org\/index.php?rest_route=\/wp\/v2\/posts\/1007\/revisions"}],"predecessor-version":[{"id":1012,"href":"http:\/\/archeologiechretienne.ive.org\/index.php?rest_route=\/wp\/v2\/posts\/1007\/revisions\/1012"}],"wp:attachment":[{"href":"http:\/\/archeologiechretienne.ive.org\/index.php?rest_route=%2Fwp%2Fv2%2Fmedia&parent=1007"}],"wp:term":[{"taxonomy":"category","embeddable":true,"href":"http:\/\/archeologiechretienne.ive.org\/index.php?rest_route=%2Fwp%2Fv2%2Fcategories&post=1007"},{"taxonomy":"post_tag","embeddable":true,"href":"http:\/\/archeologiechretienne.ive.org\/index.php?rest_route=%2Fwp%2Fv2%2Ftags&post=1007"}],"curies":[{"name":"wp","href":"https:\/\/api.w.org\/{rel}","templated":true}]}}