{"id":1044,"date":"2020-11-01T19:07:45","date_gmt":"2020-11-01T19:07:45","guid":{"rendered":"http:\/\/archeologiechretienne.ive.org\/?p=1044"},"modified":"2020-11-01T19:07:45","modified_gmt":"2020-11-01T19:07:45","slug":"les-chretiens-de-sicca-veneria-le-kef-etude-historique-et-archeologique","status":"publish","type":"post","link":"http:\/\/archeologiechretienne.ive.org\/?p=1044","title":{"rendered":"LES CHRETIENS DE SICCA VENERIA (LE KEF) &#8211; \u00e9tude historique et arch\u00e9ologique"},"content":{"rendered":"\n<div class=\"wp-block-image\"><figure class=\"aligncenter size-large\"><a href=\"https:\/\/www.academia.edu\/44406163\/2020_P_Silvio_MORENO_IVE_LES_CHR%C3%89TIENS_DE_SICCA_VENERIA_Parcours_historique_et_arch%C3%A9ologique_sur_le_christianisme_du_III%C3%A8me_au_VII%C3%A8me_si%C3%A8cle_au_Kef_tunisien_TUNIS_2020\" target=\"_blank\" rel=\"noopener noreferrer\"><img data-recalc-dims=\"1\" loading=\"lazy\" decoding=\"async\" width=\"980\" height=\"693\" src=\"https:\/\/i0.wp.com\/archeologiechretienne.ive.org\/wp-content\/uploads\/2020\/11\/Couverture-livret-Kef.jpg?resize=980%2C693\" alt=\"\" class=\"wp-image-1045\" srcset=\"https:\/\/i0.wp.com\/archeologiechretienne.ive.org\/wp-content\/uploads\/2020\/11\/Couverture-livret-Kef-scaled.jpg?resize=1024%2C724 1024w, https:\/\/i0.wp.com\/archeologiechretienne.ive.org\/wp-content\/uploads\/2020\/11\/Couverture-livret-Kef-scaled.jpg?resize=300%2C212 300w, https:\/\/i0.wp.com\/archeologiechretienne.ive.org\/wp-content\/uploads\/2020\/11\/Couverture-livret-Kef-scaled.jpg?resize=768%2C543 768w, https:\/\/i0.wp.com\/archeologiechretienne.ive.org\/wp-content\/uploads\/2020\/11\/Couverture-livret-Kef-scaled.jpg?resize=1536%2C1086 1536w, https:\/\/i0.wp.com\/archeologiechretienne.ive.org\/wp-content\/uploads\/2020\/11\/Couverture-livret-Kef-scaled.jpg?resize=2048%2C1448 2048w, https:\/\/i0.wp.com\/archeologiechretienne.ive.org\/wp-content\/uploads\/2020\/11\/Couverture-livret-Kef-scaled.jpg?resize=212%2C150 212w, https:\/\/i0.wp.com\/archeologiechretienne.ive.org\/wp-content\/uploads\/2020\/11\/Couverture-livret-Kef-scaled.jpg?resize=150%2C106 150w, https:\/\/i0.wp.com\/archeologiechretienne.ive.org\/wp-content\/uploads\/2020\/11\/Couverture-livret-Kef-scaled.jpg?w=1960 1960w\" sizes=\"auto, (max-width: 980px) 100vw, 980px\" \/><\/a><figcaption><strong>Cliquez sur l&rsquo;image pour lire le texte<\/strong><\/figcaption><\/figure><\/div>\n\n\n\n<p style=\"text-align: justify;\"><a name=\"_Toc52787206\"><\/a><span style=\"color: #000000;\"><strong>Introduction<\/strong><\/span><\/p>\n<p style=\"text-align: justify;\"><span style=\"color: #000000;\">Le but de notre \u00e9tude est simple\u00a0: nous concentrer sur la vie chr\u00e9tienne de cette importante ville romaine <em>Sicca Veneria<\/em>, en proconsulaire \u00e0 l\u2019\u00e9poque romaine, aujourd\u2019hui faisant partie int\u00e9grante du beau paysage de l\u2019ouest tunisien.<\/span><\/p>\n<p style=\"text-align: justify;\"><span style=\"color: #000000;\">Dans la premi\u00e8re partie de ce travail, nous avons pu reconstituer quelques \u00e9l\u00e9ments cl\u00e9s de l\u2019histoire chr\u00e9tienne du Kef du III<sup>\u00e8me<\/sup> au VII<sup>\u00e8me<\/sup> si\u00e8cle gr\u00e2ce aux textes conciliaires, aux textes des \u00e9crivains latins Arnobe, Lactance, Victor de Vita,\u00a0ainsi qu\u2019aux lettres du grand \u00e9v\u00eaque saint Augustin. Les vicissitudes chr\u00e9tiennes de cette ville ainsi que l\u2019activit\u00e9 de ses \u00e9v\u00eaques nous montrent une religiosit\u00e9 surprenante ainsi qu\u2019une s\u00e9rieuse identit\u00e9 catholique malgr\u00e9 le contexte difficile et fatigant de la querelle donatiste et des pers\u00e9cutions vandales. \u00a0<\/span><\/p>\n<p style=\"text-align: justify;\"><span style=\"color: #000000;\">Dans la deuxi\u00e8me partie, cette \u00e9tude veut pr\u00e9senter de fa\u00e7on succincte les inscriptions \u00e9pigraphiques chr\u00e9tiennes et l\u2019analyse des ruines arch\u00e9ologiques \u00e0 caract\u00e8re chr\u00e9tien qui sont visitables encore aujourd\u2019hui au Kef. Sur ces derni\u00e8res, j\u2019en propose trois\u00a0:\u00a0basilique de Saint Pierre\u00a0; chapelle <em>\u00ab\u00a0de Crescentius\u00a0\u00bb <\/em>aux grands thermes et la grande basilique de ksar El Ghoul. Les fouilles arch\u00e9ologiques au XIX<sup>\u00e8me<\/sup> si\u00e8cle ont produit des r\u00e9sultats de premi\u00e8re importance. Outre l\u2019observation de s\u00e9quences architecturales, des indications pr\u00e9cieuses ont \u00e9t\u00e9 recueillies pour y reconna\u00eetre l\u2019importance historique des lieux. Deux autres monuments compl\u00e9teront cette partie. \u00a0\u00a0<\/span><\/p>\n<p style=\"text-align: justify;\"><span style=\"color: #000000;\">Cette riche histoire chr\u00e9tienne nous aidera \u00e0 mieux comprendre les lieux chr\u00e9tiens que nous pouvons visiter \u00e0 chaque fois que nous nous rendons au Kef. En effet, lorsque nous visitons des ruines chr\u00e9tiennes en Tunisie ou ailleurs, une dimension importante intervient\u00a0: non plus celle du temps, mais celle de l\u2019espace. Nous ne pouvons comprendre ces lieux que si, en m\u00eame temps, nous \u00e9coutons ce que l\u2019histoire et la tradition de l\u2019Eglise africaine ont \u00e0 nous dire des \u00e9v\u00e9nements dont ils sont le rappel, le point d\u2019ancrage.<\/span><\/p>\n<p style=\"text-align: justify;\"><span style=\"color: #000000;\">Pour cela ce dossier historique et arch\u00e9ologique ainsi rassembl\u00e9 ouvre des perspectives diverses\u00a0: notre connaissance du pass\u00e9 ancien de la ville au c\u0153ur de la cit\u00e9 du Kef, des informations essentielles sur les premi\u00e8res interventions \u00e9piscopales et des \u00e9l\u00e9ments tangibles de r\u00e9flexion en vue d\u2019un meilleur am\u00e9nagement promotionnel religieux et touristique de ces lieux.<\/span><\/p>\n<p style=\"text-align: justify;\"><span style=\"color: #000000;\">La pr\u00e9paration de notre texte, a b\u00e9n\u00e9fici\u00e9 de bien des bonnes volont\u00e9s pour le relire, v\u00e9rifier l\u2019\u00e9criture et apporter des conseils et modifications. Ma gratitude est grande en particulier vers Umberto Pappalardo, arch\u00e9ologue romain, pour ses pr\u00e9cieux conseils et surtout pour son inconditionnel soutien, Seriel Bocciarelli, historienne, pour la r\u00e9vision du texte et les corrections, et \u00e0 Dominique Martinet pour ses connaissances profondes sur le Kef et les voyages de saint Augustin. Enfin, je voudrais aussi remercier les amis de l\u2019Institut National du Patrimoine, sp\u00e9cialement Mohamed Tlili, ancien conservateur du Kef et Moheddine Chaouali, inspecteur g\u00e9n\u00e9ral de la r\u00e9gion ouest de la Tunisie.\u00a0 \u00a0\u00a0\u00a0\u00a0<\/span><\/p>\n<p style=\"text-align: justify;\"><span style=\"color: #000000;\">Ces pages sont l\u2019expression de mes profonds sentiments de respect pour tous les historiens et arch\u00e9ologues tunisiens et \u00e9trangers qui ont su retrouver et raconter l\u2019ancienne vie de ce peuple moderne.\u00a0\u00a0<\/span><\/p>\n<p style=\"text-align: center;\"><span style=\"color: #000000;\"><strong><em>P. Silvio Moreno,<\/em><\/strong> ive<\/span><\/p>\n","protected":false},"excerpt":{"rendered":"<p>Introduction Le but de notre \u00e9tude est simple\u00a0: nous concentrer sur la vie chr\u00e9tienne de cette importante ville romaine Sicca Veneria, en proconsulaire \u00e0 l\u2019\u00e9poque romaine, aujourd\u2019hui faisant partie int\u00e9grante du beau paysage de l\u2019ouest tunisien. Dans la premi\u00e8re partie de ce travail, nous avons pu reconstituer quelques \u00e9l\u00e9ments cl\u00e9s \u2026<\/p>\n<p class=\"continue-reading-button\"> <a class=\"continue-reading-link\" href=\"http:\/\/archeologiechretienne.ive.org\/?p=1044\">Continuer \u00e0 lire<i class=\"crycon-right-dir\"><\/i><\/a><\/p>\n","protected":false},"author":1,"featured_media":0,"comment_status":"open","ping_status":"open","sticky":false,"template":"","format":"standard","meta":{"jetpack_post_was_ever_published":false,"_jetpack_newsletter_access":"","_jetpack_dont_email_post_to_subs":false,"_jetpack_newsletter_tier_id":0,"_jetpack_memberships_contains_paywalled_content":false,"_jetpack_memberships_contains_paid_content":false,"footnotes":"","jetpack_publicize_message":"","jetpack_publicize_feature_enabled":true,"jetpack_social_post_already_shared":true,"jetpack_social_options":{"image_generator_settings":{"template":"highway","default_image_id":0,"font":"","enabled":false},"version":2}},"categories":[1],"tags":[27,56,193],"class_list":["post-1044","post","type-post","status-publish","format-standard","hentry","category-uncategorized","tag-archeologie-chretienne","tag-art-chretien","tag-histoire-chretienne"],"jetpack_publicize_connections":[],"jetpack_featured_media_url":"","jetpack_sharing_enabled":true,"jetpack_shortlink":"https:\/\/wp.me\/p5FzU9-gQ","_links":{"self":[{"href":"http:\/\/archeologiechretienne.ive.org\/index.php?rest_route=\/wp\/v2\/posts\/1044","targetHints":{"allow":["GET"]}}],"collection":[{"href":"http:\/\/archeologiechretienne.ive.org\/index.php?rest_route=\/wp\/v2\/posts"}],"about":[{"href":"http:\/\/archeologiechretienne.ive.org\/index.php?rest_route=\/wp\/v2\/types\/post"}],"author":[{"embeddable":true,"href":"http:\/\/archeologiechretienne.ive.org\/index.php?rest_route=\/wp\/v2\/users\/1"}],"replies":[{"embeddable":true,"href":"http:\/\/archeologiechretienne.ive.org\/index.php?rest_route=%2Fwp%2Fv2%2Fcomments&post=1044"}],"version-history":[{"count":1,"href":"http:\/\/archeologiechretienne.ive.org\/index.php?rest_route=\/wp\/v2\/posts\/1044\/revisions"}],"predecessor-version":[{"id":1046,"href":"http:\/\/archeologiechretienne.ive.org\/index.php?rest_route=\/wp\/v2\/posts\/1044\/revisions\/1046"}],"wp:attachment":[{"href":"http:\/\/archeologiechretienne.ive.org\/index.php?rest_route=%2Fwp%2Fv2%2Fmedia&parent=1044"}],"wp:term":[{"taxonomy":"category","embeddable":true,"href":"http:\/\/archeologiechretienne.ive.org\/index.php?rest_route=%2Fwp%2Fv2%2Fcategories&post=1044"},{"taxonomy":"post_tag","embeddable":true,"href":"http:\/\/archeologiechretienne.ive.org\/index.php?rest_route=%2Fwp%2Fv2%2Ftags&post=1044"}],"curies":[{"name":"wp","href":"https:\/\/api.w.org\/{rel}","templated":true}]}}