{"id":1120,"date":"2021-04-09T11:21:24","date_gmt":"2021-04-09T11:21:24","guid":{"rendered":"http:\/\/archeologiechretienne.ive.org\/?p=1120"},"modified":"2021-04-09T11:21:24","modified_gmt":"2021-04-09T11:21:24","slug":"la-basilique-chretienne-de-saint-pierre-au-kef-tunisie-archeologie-et-architecture","status":"publish","type":"post","link":"http:\/\/archeologiechretienne.ive.org\/?p=1120","title":{"rendered":"LA BASILIQUE CHRETIENNE DE SAINT PIERRE AU KEF (TUNISIE) &#8211; ARCHEOLOGIE ET ARCHITECTURE"},"content":{"rendered":"\n\n\n<figure class=\"wp-block-image size-large\"><a href=\"https:\/\/i0.wp.com\/archeologiechretienne.ive.org\/wp-content\/uploads\/2021\/04\/103_2868-scaled.jpg\"><img data-recalc-dims=\"1\" loading=\"lazy\" decoding=\"async\" width=\"980\" height=\"734\" src=\"https:\/\/i0.wp.com\/archeologiechretienne.ive.org\/wp-content\/uploads\/2021\/04\/103_2868.jpg?resize=980%2C734\" alt=\"\" class=\"wp-image-1121\" srcset=\"https:\/\/i0.wp.com\/archeologiechretienne.ive.org\/wp-content\/uploads\/2021\/04\/103_2868-scaled.jpg?resize=1024%2C767 1024w, https:\/\/i0.wp.com\/archeologiechretienne.ive.org\/wp-content\/uploads\/2021\/04\/103_2868-scaled.jpg?resize=300%2C225 300w, https:\/\/i0.wp.com\/archeologiechretienne.ive.org\/wp-content\/uploads\/2021\/04\/103_2868-scaled.jpg?resize=768%2C575 768w, https:\/\/i0.wp.com\/archeologiechretienne.ive.org\/wp-content\/uploads\/2021\/04\/103_2868-scaled.jpg?resize=1536%2C1151 1536w, https:\/\/i0.wp.com\/archeologiechretienne.ive.org\/wp-content\/uploads\/2021\/04\/103_2868-scaled.jpg?resize=2048%2C1535 2048w, https:\/\/i0.wp.com\/archeologiechretienne.ive.org\/wp-content\/uploads\/2021\/04\/103_2868-scaled.jpg?resize=200%2C150 200w, https:\/\/i0.wp.com\/archeologiechretienne.ive.org\/wp-content\/uploads\/2021\/04\/103_2868-scaled.jpg?resize=150%2C112 150w, https:\/\/i0.wp.com\/archeologiechretienne.ive.org\/wp-content\/uploads\/2021\/04\/103_2868-scaled.jpg?w=1960 1960w\" sizes=\"auto, (max-width: 980px) 100vw, 980px\" \/><\/a><\/figure>\n\n\n\n<figure class=\"wp-block-image size-large\"><a href=\"https:\/\/i0.wp.com\/archeologiechretienne.ive.org\/wp-content\/uploads\/2021\/04\/0001-scaled.jpg\"><img data-recalc-dims=\"1\" loading=\"lazy\" decoding=\"async\" width=\"980\" height=\"551\" src=\"https:\/\/i0.wp.com\/archeologiechretienne.ive.org\/wp-content\/uploads\/2021\/04\/0001.jpg?resize=980%2C551\" alt=\"\" class=\"wp-image-1122\" srcset=\"https:\/\/i0.wp.com\/archeologiechretienne.ive.org\/wp-content\/uploads\/2021\/04\/0001-scaled.jpg?resize=1024%2C576 1024w, https:\/\/i0.wp.com\/archeologiechretienne.ive.org\/wp-content\/uploads\/2021\/04\/0001-scaled.jpg?resize=300%2C169 300w, https:\/\/i0.wp.com\/archeologiechretienne.ive.org\/wp-content\/uploads\/2021\/04\/0001-scaled.jpg?resize=768%2C432 768w, https:\/\/i0.wp.com\/archeologiechretienne.ive.org\/wp-content\/uploads\/2021\/04\/0001-scaled.jpg?resize=1536%2C864 1536w, https:\/\/i0.wp.com\/archeologiechretienne.ive.org\/wp-content\/uploads\/2021\/04\/0001-scaled.jpg?resize=2048%2C1152 2048w, https:\/\/i0.wp.com\/archeologiechretienne.ive.org\/wp-content\/uploads\/2021\/04\/0001-scaled.jpg?resize=250%2C141 250w, https:\/\/i0.wp.com\/archeologiechretienne.ive.org\/wp-content\/uploads\/2021\/04\/0001-scaled.jpg?resize=150%2C84 150w, https:\/\/i0.wp.com\/archeologiechretienne.ive.org\/wp-content\/uploads\/2021\/04\/0001-scaled.jpg?w=1960 1960w\" sizes=\"auto, (max-width: 980px) 100vw, 980px\" \/><\/a><\/figure>\n\n\n\n<p style=\"text-align: justify;\"><span style=\"color: #000000;\"><strong>Arch\u00e9ologie de la basilique <\/strong><\/span><\/p>\n<p style=\"text-align: justify;\"><span style=\"color: #000000;\">Cette \u00e9glise au centre-ville du Kef a \u00e9t\u00e9 signal\u00e9e par Cagnat en 1882. Par la suite, Saladin y op\u00e9ra quelques fouilles du c\u00f4t\u00e9 de l\u2019abside. A la m\u00eame p\u00e9riode, l\u2019\u00e9glise est \u00e9tudi\u00e9e par Esp\u00e9randieu et l\u2019abb\u00e9 La Bouille. Enfin, elle est enti\u00e8rement fouill\u00e9e entre 1890 et 1896 avec une subvention du Service des antiquit\u00e9s par l\u2019abb\u00e9 Giudicelli, pr\u00eatre du dioc\u00e8se de Carthage et aum\u00f4nier de l\u2019h\u00f4pital militaire de la place du Kef, une fois le terrain acquis par l\u2019Eglise. C\u2019est \u00e0 lui, en effet, que doit revenir le m\u00e9rite de l\u2019avoir d\u00e9gag\u00e9e, restaur\u00e9e en partie et rendue au culte catholique durant le Protectorat fran\u00e7ais.<\/span><\/p>\n<p style=\"text-align: justify;\"><span style=\"color: #000000;\">Elle mesure 43 m\u00e8tres de longueur sur 17 m\u00e8tres de largeur et se termine en abside. Plus connue sous le nom de Dar-el-Kous (maison de l\u2019arc) \u00e0 cause de sa remarquable abside, cette basilique, utilis\u00e9e autrefois comme maison particuli\u00e8re, \u00e9tait reconnue et identifi\u00e9e par les premiers explorateurs qui avaient visit\u00e9 la ville&#8230;.<\/span><\/p>\n<p>\u00a0<\/p>\n<p style=\"text-align: center;\"><a href=\"#_ftnref1\" name=\"_ftn1\"><\/a><\/p>\n\n\n\n<div class=\"wp-block-group is-layout-flow wp-block-group-is-layout-flow\"><div class=\"wp-block-group__inner-container\"><\/div><\/div>\n\n\n\n<div class=\"wp-block-buttons is-layout-flex wp-block-buttons-is-layout-flex\">\n<div class=\"wp-block-button is-style-outline is-style-outline--1\"><a class=\"wp-block-button__link has-black-color has-luminous-vivid-amber-background-color has-text-color has-background\" href=\"https:\/\/www.academia.edu\/46162911\/2021_P_Silvio_MORENO_et_Imen_DRIDI_Arch%C3%A9ologie_et_architecture_de_la_basilique_chr%C3%A9tienne_de_Saint_Pierre_au_Kef_en_Tunisie_\" style=\"border-radius:28px\" target=\"_blank\" rel=\"noreferrer noopener\"><strong><em>Cliquez ici pour lire l&rsquo;article complet<\/em><\/strong><\/a><\/div>\n<\/div>\n\n\n\n<p>\u00a0<\/p>\n<p>\u00a0<\/p>\n","protected":false},"excerpt":{"rendered":"<p>Arch\u00e9ologie de la basilique Cette \u00e9glise au centre-ville du Kef a \u00e9t\u00e9 signal\u00e9e par Cagnat en 1882. Par la suite, Saladin y op\u00e9ra quelques fouilles du c\u00f4t\u00e9 de l\u2019abside. A la m\u00eame p\u00e9riode, l\u2019\u00e9glise est \u00e9tudi\u00e9e par Esp\u00e9randieu et l\u2019abb\u00e9 La Bouille. Enfin, elle est enti\u00e8rement fouill\u00e9e entre 1890 et \u2026<\/p>\n<p class=\"continue-reading-button\"> <a class=\"continue-reading-link\" href=\"http:\/\/archeologiechretienne.ive.org\/?p=1120\">Continuer \u00e0 lire<i class=\"crycon-right-dir\"><\/i><\/a><\/p>\n","protected":false},"author":1,"featured_media":0,"comment_status":"open","ping_status":"open","sticky":false,"template":"","format":"standard","meta":{"jetpack_post_was_ever_published":false,"_jetpack_newsletter_access":"","_jetpack_dont_email_post_to_subs":false,"_jetpack_newsletter_tier_id":0,"_jetpack_memberships_contains_paywalled_content":false,"_jetpack_memberships_contains_paid_content":false,"footnotes":"","jetpack_publicize_message":"","jetpack_publicize_feature_enabled":true,"jetpack_social_post_already_shared":true,"jetpack_social_options":{"image_generator_settings":{"template":"highway","default_image_id":0,"font":"","enabled":false},"version":2}},"categories":[62,98,172],"tags":[27,166,197,198,18],"class_list":["post-1120","post","type-post","status-publish","format-standard","hentry","category-archeologie","category-art-chretien","category-patrimoine","tag-archeologie-chretienne","tag-architecture-religieuse","tag-le-kef","tag-saint-pierre","tag-tunisie"],"jetpack_publicize_connections":[],"jetpack_featured_media_url":"","jetpack_sharing_enabled":true,"jetpack_shortlink":"https:\/\/wp.me\/p5FzU9-i4","_links":{"self":[{"href":"http:\/\/archeologiechretienne.ive.org\/index.php?rest_route=\/wp\/v2\/posts\/1120","targetHints":{"allow":["GET"]}}],"collection":[{"href":"http:\/\/archeologiechretienne.ive.org\/index.php?rest_route=\/wp\/v2\/posts"}],"about":[{"href":"http:\/\/archeologiechretienne.ive.org\/index.php?rest_route=\/wp\/v2\/types\/post"}],"author":[{"embeddable":true,"href":"http:\/\/archeologiechretienne.ive.org\/index.php?rest_route=\/wp\/v2\/users\/1"}],"replies":[{"embeddable":true,"href":"http:\/\/archeologiechretienne.ive.org\/index.php?rest_route=%2Fwp%2Fv2%2Fcomments&post=1120"}],"version-history":[{"count":5,"href":"http:\/\/archeologiechretienne.ive.org\/index.php?rest_route=\/wp\/v2\/posts\/1120\/revisions"}],"predecessor-version":[{"id":1127,"href":"http:\/\/archeologiechretienne.ive.org\/index.php?rest_route=\/wp\/v2\/posts\/1120\/revisions\/1127"}],"wp:attachment":[{"href":"http:\/\/archeologiechretienne.ive.org\/index.php?rest_route=%2Fwp%2Fv2%2Fmedia&parent=1120"}],"wp:term":[{"taxonomy":"category","embeddable":true,"href":"http:\/\/archeologiechretienne.ive.org\/index.php?rest_route=%2Fwp%2Fv2%2Fcategories&post=1120"},{"taxonomy":"post_tag","embeddable":true,"href":"http:\/\/archeologiechretienne.ive.org\/index.php?rest_route=%2Fwp%2Fv2%2Ftags&post=1120"}],"curies":[{"name":"wp","href":"https:\/\/api.w.org\/{rel}","templated":true}]}}