{"id":194,"date":"2015-03-03T16:20:57","date_gmt":"2015-03-03T16:20:57","guid":{"rendered":"http:\/\/archeologiechretienne.ive.org\/?p=194"},"modified":"2015-03-03T16:20:57","modified_gmt":"2015-03-03T16:20:57","slug":"les-papes-dafrique-du-nord","status":"publish","type":"post","link":"http:\/\/archeologiechretienne.ive.org\/?p=194","title":{"rendered":"LES PAPES D\u2019AFRIQUE DU NORD"},"content":{"rendered":"<div style=\"width: 370px\" class=\"wp-caption aligncenter\"><img data-recalc-dims=\"1\" loading=\"lazy\" decoding=\"async\" src=\"https:\/\/i0.wp.com\/www.evechetunisie.org\/papes\/Victor.JPG?resize=360%2C352\" alt=\"\" width=\"360\" height=\"352\" \/><p class=\"wp-caption-text\">Pape Saint Victor I<\/p><\/div>\n<h2 style=\"text-align: justify;\"><strong>Saint Victor I<sup>er<\/sup><\/strong><\/h2>\n<p style=\"text-align: justify;\"><span style=\"color: #000000;\">\u00a0&#8211; N\u00e9 en Afrique du Nord <em>(territoire de l&rsquo;actuelle Lybie)<\/em>.<\/span><\/p>\n<p style=\"text-align: justify;\"><span style=\"color: #000000;\">&#8211;\u00a0\u00c9lu pape \u00e0 Rome en 189.\u00a014<sup>e<\/sup> pape\u00a0<\/span><\/p>\n<p style=\"text-align: justify;\"><span style=\"color: #000000;\">&#8211; Mort martyr vers l&rsquo;an 198.<\/span><\/p>\n<p style=\"text-align: justify;\"><span style=\"color: #000000;\">&#8211; F\u00eat\u00e9 le 11 janvier.<\/span><\/p>\n<p style=\"text-align: justify;\"><span style=\"color: #000000;\">Africain de naissance et premier pape latin, il aurait promu la latinisation de l&rsquo;\u00c9glise romaine, qui avait \u00e9t\u00e9 jusque l\u00e0 sous l&rsquo;influence gr\u00e9co-orientale. Il fut certainement le plus \u00e9nergique des papes du IIe si\u00e8cle. Au d\u00e9but de son pontificat, il s&rsquo;effor\u00e7a de convaincre les autres \u00c9glises de se conformer \u00e0 l&rsquo;usage romain de c\u00e9l\u00e9brer la f\u00eate de P\u00e2ques le premier dimanche apr\u00e8s le 14<sup>\u00e8me<\/sup> jour du mois juif de Nisan <em>(date de la P\u00e2que juive).<\/em> Sous son impulsion, plusieurs synodes eurent lieu \u00e0 Rome et dans d&rsquo;autres centres, de la Gaule \u00e0 la M\u00e9sopotamie, et la majorit\u00e9 accueillit favorablement ses dispositions. Cependant, les \u00c9glises d&rsquo;Asie Mineure refus\u00e8rent d&rsquo;abandonner l&rsquo;ancien usage de c\u00e9l\u00e9brer P\u00e2ques le 14<sup>\u00e8me<\/sup> jour de Nisan. Victor les exclut de la communion non seulement avec Rome, mais avec toute l&rsquo;\u00c9glise. Cette initiative provoqua un grand nombre de protestations. Ir\u00e9n\u00e9e de Lyon, dont l&rsquo;\u00c9glise avait pourtant accept\u00e9 la d\u00e9cision de Victor, fit sagement remarquer que tous les papes pr\u00e9c\u00e9dents, jusqu&rsquo;\u00e0 Sot\u00e8re, s&rsquo;\u00e9taient montr\u00e9s indulgents surtout qu\u2019\u00e0 cette \u00e9poque Rome ne c\u00e9l\u00e9brait pas encore la f\u00eate pascale, ce qui rendait la discordance encore plus \u00e9vidente. Rien n\u2019y fit.\u00a0Victor est le premier pape qui ait \u00e9t\u00e9 en relation avec la maison imp\u00e9riale. Il envoya \u00e0 Marcia, croyante et amie de l&#8217;empereur Commode (180-192) une liste de chr\u00e9tiens condamn\u00e9s aux travaux forc\u00e9s dans les mines de Sardaigne et obtint leur lib\u00e9ration. Dans le groupe des condamn\u00e9s, il y avait le futur pape Calixte I<sup>er<\/sup>. Victor subit le martyre vers 198 et fut enseveli pr\u00e8s de Saint Pierre \u00e0 Rome.<\/span><\/p>\n<div style=\"width: 370px\" class=\"wp-caption aligncenter\"><img data-recalc-dims=\"1\" loading=\"lazy\" decoding=\"async\" src=\"https:\/\/i0.wp.com\/www.evechetunisie.org\/papes\/Miltiades.jpg?resize=360%2C357\" alt=\"\" width=\"360\" height=\"357\" \/><p class=\"wp-caption-text\">Pape Saint Miltiade<\/p><\/div>\n<p style=\"text-align: justify;\">\n<h2 style=\"text-align: justify;\"><strong><span style=\"color: #000000;\">Saint Miltiade<\/span>\u00a0<\/strong><\/h2>\n<p style=\"text-align: justify;\"><span style=\"color: #000000;\">-N\u00e9 \u00e0 Rome d\u2019une famille tunisienne.<\/span><\/p>\n<p style=\"text-align: justify;\"><span style=\"color: #000000;\">-\u00c9lu pape le 2 juillet 311.\u00a032<sup>e<\/sup> pape\u00a0<\/span><\/p>\n<p style=\"text-align: justify;\"><span style=\"color: #000000;\">-Mort le 10 janvier 314.\u00a0<\/span><\/p>\n<p style=\"text-align: justify;\"><span style=\"color: #000000;\">-Enseveli \u00e0\u00a0Rome dans le cimeti\u00e8re de Saint Calixte.<\/span><\/p>\n<p style=\"text-align: justify;\"><span style=\"color: #000000;\">-F\u00eat\u00e9 le 11 janvier.<\/span><\/p>\n<p style=\"text-align: justify;\"><span style=\"color: #000000;\">Quand l&#8217;empereur Maxence ordonna la restitution du patrimoine eccl\u00e9siastique, y compris les terres et \u00e9difices qui avaient \u00e9t\u00e9 confisqu\u00e9s au d\u00e9but de la pers\u00e9cution de Diocl\u00e9tien (303), le pape Miltiade envoya ses diacres chez le pr\u00e9fet de la ville pour r\u00e9clamer la restitution des biens. La f\u00eate de P\u00e2ques put \u00eatre c\u00e9l\u00e9br\u00e9e pour la premi\u00e8re fois le 13 avril 312 en s\u00fbret\u00e9 dans les lieux sacr\u00e9s.\u00a0L&#8217;empereur Constantin, apr\u00e8s sa victoire sur Maxence (28 octobre 312) fit cadeau \u00e0 Miltiade du palais de l&rsquo;imp\u00e9ratrice Fausta. Sur cet emplacement, il fit construire la basilique de Saint Jean de Latran, qui devint la r\u00e9sidence papale.\u00a0Un synode convoqu\u00e9 par le pape Miltiade \u00e0 la demande de l&#8217;empereur \u00e9tablit, contre l&rsquo;avis des Donatistes, que l&rsquo;\u00e9v\u00eaque de Carthage Cecilianus \u00e9tait l\u00e9gitime et que l&rsquo;efficacit\u00e9 des Sacrements ne d\u00e9pend pas du m\u00e9rite des c\u00e9l\u00e9brants. Donat, qui exigeait un deuxi\u00e8me bapt\u00eame et une deuxi\u00e8me ordination sacerdotale pour ceux qui avaient abjur\u00e9 pendant les pers\u00e9cutions, fut excommuni\u00e9. Suite aux protestations des Donatistes, l&#8217;empereur convoqua un deuxi\u00e8me concile des provinces occidentales \u00e0 Arles,\u00a0le 1<sup>er<\/sup> ao\u00fbt \u00a0314. Mais Miltiade mourut le 10 janvier. \u00a0Il fut enseveli dans le cimeti\u00e8re Saint Calixte, sur la Via Appia \u00e0 Rome.<\/span><\/p>\n<div style=\"width: 370px\" class=\"wp-caption aligncenter\"><img data-recalc-dims=\"1\" loading=\"lazy\" decoding=\"async\" src=\"https:\/\/i0.wp.com\/www.afrik.com\/IMG\/jpg\/Gelase.jpg?resize=360%2C354\" alt=\"\" width=\"360\" height=\"354\" \/><p class=\"wp-caption-text\">Pape Saint G\u00e9lase<\/p><\/div>\n<h2 style=\"text-align: justify;\"><span style=\"color: #000000;\">\u00a0<\/span><strong>Saint G\u00e9lase<\/strong><\/h2>\n<p style=\"text-align: justify;\"><span style=\"color: #000000;\">\u00a0-N\u00e9 en Afrique du Nord (territoire de l&rsquo;actuelle Tunisie).<\/span><\/p>\n<p style=\"text-align: justify;\"><span style=\"color: #000000;\">-\u00c9lu pape le 1<sup>er<\/sup> mars 492.\u00a049<sup>e<\/sup> pape<\/span><\/p>\n<p style=\"text-align: justify;\"><span style=\"color: #000000;\">-Mort le 21 novembre 496.<\/span><\/p>\n<p style=\"text-align: justify;\"><span style=\"color: #000000;\">-F\u00eat\u00e9 le 11 janvier.<\/span><\/p>\n<p style=\"text-align: justify;\"><span style=\"color: #000000;\">En tant que pape, il se retrouva dans une situation difficile. Les rois barbares, tous membres de la secte Arienne, gouvernaient l&rsquo;ancien territoire de l&rsquo;Empire d&rsquo;Occident. Les Ostrogoths, avec leur chef Th\u00e9odoric, avaient envahi l&rsquo;Italie et assi\u00e9geaient le roi Odoacre \u00e0 Ravenne. La guerre avait provoqu\u00e9 l&rsquo;arr\u00eat des approvisionnements, une grande affluence de r\u00e9fugi\u00e9s et une forte diminution du nombre de pr\u00eatres. Un schisme avec l&rsquo;\u00c9glise Orientale suite \u00e0 l&rsquo;imposition en Orient de l&rsquo;H\u00e9notique, contredisait les d\u00e9cisions du concile de Chalc\u00e9doine \u00a0(451). G\u00e9lase \u00e9tablit de bonnes relations avec le roi Th\u00e9odoric, lorsque celui-ci devint le ma\u00eetre d&rsquo;Italie. Ce roi \u00e9tait\u00a0arien, mais tol\u00e9rant et n&rsquo;intervenait pas dans les affaires d&rsquo;\u00c9glise. G\u00e9lase aussi employa son patrimoine personnel pour secourir les pauvres, il rendit plus tol\u00e9rable la famine en donnant des provisions venant des territoires pontificaux et des secours offerts par Th\u00e9odoric.\u00a0Il affronta avec fermet\u00e9 le schisme oriental, ce qui lui \u00f4ta les sympathies de l&#8217;empereur Anastase, mais fut oblig\u00e9 de r\u00e9habiliter l&rsquo;\u00e9v\u00eaque Mis\u00e8ne, qui avait \u00e9t\u00e9 excommuni\u00e9 par F\u00e9lix III.\u00a0Il fut le premier pape appel\u00e9 &laquo;&nbsp;Vicaire de J\u00e9sus-Christ&nbsp;&raquo;.\u00a0Il exposa dans plusieurs textes la th\u00e9orie des deux pouvoirs qui gouvernent le monde: l&rsquo;autorit\u00e9 consacr\u00e9e des \u00e9v\u00eaques et le pouvoir royal. L&rsquo;autorit\u00e9 spirituelle y est sup\u00e9rieure, puisqu&rsquo;elle a pour but le salut de la r\u00e9alit\u00e9 temporelle.\u00a0Le moine Denis le Petit, qui v\u00e9cut \u00e0 Rome entre 500 et 550 et qui fr\u00e9quenta ses disciples, nous le d\u00e9crit comme un homme humble, soucieux de servir, qui trouvait sa joie dans la conversation avec les serviteurs de Dieu et dans la m\u00e9ditation de la Bible. Il t\u00e2chait de suivre le Bon Pasteur par la mortification et la charit\u00e9.<\/span><\/p>\n<hr \/>\n<p><span style=\"color: #000000;\">Source: P. Silvio Moreno, IVE, Carthage Eternelle, FINZI 2013<\/span><\/p>\n<p style=\"text-align: justify;\">\n","protected":false},"excerpt":{"rendered":"<p>Saint Victor Ier \u00a0&#8211; N\u00e9 en Afrique du Nord (territoire de l&rsquo;actuelle Lybie). &#8211;\u00a0\u00c9lu pape \u00e0 Rome en 189.\u00a014e pape\u00a0 &#8211; Mort martyr vers l&rsquo;an 198. &#8211; F\u00eat\u00e9 le 11 janvier. Africain de naissance et premier pape latin, il aurait promu la latinisation de l&rsquo;\u00c9glise romaine, qui avait \u00e9t\u00e9 jusque \u2026<\/p>\n<p class=\"continue-reading-button\"> <a class=\"continue-reading-link\" href=\"http:\/\/archeologiechretienne.ive.org\/?p=194\">Continuer \u00e0 lire<i class=\"crycon-right-dir\"><\/i><\/a><\/p>\n","protected":false},"author":1,"featured_media":195,"comment_status":"open","ping_status":"open","sticky":false,"template":"","format":"standard","meta":{"jetpack_post_was_ever_published":false,"_jetpack_newsletter_access":"","_jetpack_dont_email_post_to_subs":false,"_jetpack_newsletter_tier_id":0,"_jetpack_memberships_contains_paywalled_content":false,"_jetpack_memberships_contains_paid_content":false,"footnotes":"","jetpack_publicize_message":"","jetpack_publicize_feature_enabled":true,"jetpack_social_post_already_shared":true,"jetpack_social_options":{"image_generator_settings":{"template":"highway","default_image_id":0,"font":"","enabled":false},"version":2}},"categories":[57],"tags":[27,56,7,58,46,37,60,59,61,18],"class_list":["post-194","post","type-post","status-publish","format-standard","has-post-thumbnail","hentry","category-papes-afrique-du-nord","tag-archeologie-chretienne","tag-art-chretien","tag-carthage","tag-cathedrale-de-tunis","tag-eglise-catholique","tag-foi-catholique","tag-pape","tag-papes-afrique-du-nord","tag-pontife","tag-tunisie"],"jetpack_publicize_connections":[],"jetpack_featured_media_url":"https:\/\/i0.wp.com\/archeologiechretienne.ive.org\/wp-content\/uploads\/2015\/03\/san-pietro-apostolo.jpg?fit=778%2C1024","jetpack_sharing_enabled":true,"jetpack_shortlink":"https:\/\/wp.me\/p5FzU9-38","_links":{"self":[{"href":"http:\/\/archeologiechretienne.ive.org\/index.php?rest_route=\/wp\/v2\/posts\/194","targetHints":{"allow":["GET"]}}],"collection":[{"href":"http:\/\/archeologiechretienne.ive.org\/index.php?rest_route=\/wp\/v2\/posts"}],"about":[{"href":"http:\/\/archeologiechretienne.ive.org\/index.php?rest_route=\/wp\/v2\/types\/post"}],"author":[{"embeddable":true,"href":"http:\/\/archeologiechretienne.ive.org\/index.php?rest_route=\/wp\/v2\/users\/1"}],"replies":[{"embeddable":true,"href":"http:\/\/archeologiechretienne.ive.org\/index.php?rest_route=%2Fwp%2Fv2%2Fcomments&post=194"}],"version-history":[{"count":2,"href":"http:\/\/archeologiechretienne.ive.org\/index.php?rest_route=\/wp\/v2\/posts\/194\/revisions"}],"predecessor-version":[{"id":197,"href":"http:\/\/archeologiechretienne.ive.org\/index.php?rest_route=\/wp\/v2\/posts\/194\/revisions\/197"}],"wp:featuredmedia":[{"embeddable":true,"href":"http:\/\/archeologiechretienne.ive.org\/index.php?rest_route=\/wp\/v2\/media\/195"}],"wp:attachment":[{"href":"http:\/\/archeologiechretienne.ive.org\/index.php?rest_route=%2Fwp%2Fv2%2Fmedia&parent=194"}],"wp:term":[{"taxonomy":"category","embeddable":true,"href":"http:\/\/archeologiechretienne.ive.org\/index.php?rest_route=%2Fwp%2Fv2%2Fcategories&post=194"},{"taxonomy":"post_tag","embeddable":true,"href":"http:\/\/archeologiechretienne.ive.org\/index.php?rest_route=%2Fwp%2Fv2%2Ftags&post=194"}],"curies":[{"name":"wp","href":"https:\/\/api.w.org\/{rel}","templated":true}]}}