{"id":198,"date":"2015-03-10T21:42:09","date_gmt":"2015-03-10T21:42:09","guid":{"rendered":"http:\/\/archeologiechretienne.ive.org\/?p=198"},"modified":"2015-03-10T21:42:09","modified_gmt":"2015-03-10T21:42:09","slug":"fete-de-perpetue-et-felicite","status":"publish","type":"post","link":"http:\/\/archeologiechretienne.ive.org\/?p=198","title":{"rendered":"FETE DE PERPETUE ET FELICITE"},"content":{"rendered":"<p style=\"text-align: justify;\"><img data-recalc-dims=\"1\" decoding=\"async\" class=\" aligncenter\" src=\"https:\/\/i0.wp.com\/p8.storage.canalblog.com\/86\/78\/249840\/22333459.jpg?w=980\" alt=\"\" \/><\/p>\n<p style=\"text-align: justify;\"><span style=\"color: #000000;\">Au jour de leur m\u00e9moire nous nous demandons pourquoi un tel honneur dans l\u2019Eglise pour ces deux saintes\u00a0? Pourquoi dans le canon romain de l\u2019Eglise il y a ces deux noms\u00a0? Pourquoi Perp\u00e9tu\u00e9 et F\u00e9licit\u00e9 et non pas Saturnin ou Saturus?<\/span><\/p>\n<p style=\"text-align: justify;\"><span style=\"color: #000000;\">Dans l\u2019extraordinaire \u00e9loquence de Saint Augustin nous trouvons une r\u00e9ponse merveilleuse<a style=\"color: #000000;\" href=\"#_ftn1\" name=\"_ftnref1\">[1]<\/a>:<\/span><\/p>\n<p style=\"text-align: justify;\"><span style=\"color: #000000;\"><strong><img data-recalc-dims=\"1\" loading=\"lazy\" decoding=\"async\" class=\" alignleft\" src=\"https:\/\/i0.wp.com\/i44.servimg.com\/u\/f44\/11\/64\/82\/51\/giovan10.jpg?resize=353%2C562\" alt=\"\" width=\"353\" height=\"562\" \/>Une r\u00e9compense de perp\u00e9tuelle f\u00e9licit\u00e9<\/strong>: En effet, \u00e9crit Saint Augustin, Perp\u00e9tue ou Perp\u00e9tuelle et F\u00e9licit\u00e9 sont \u00e0 la fois les noms de ces femmes et la r\u00e9compense de tous les martyrs. Voil\u00e0 pourquoi tous les martyrs plein de courage \u00e9taient pr\u00eats \u00e0 lutter contre la souffrance et confesser la foi parce qu\u2019ils \u00e9taient sur de jouir enfin d&rsquo;une \u2018Perp\u00e9tuelle F\u00e9licit\u00e9\u2019. Reprend Saint Augustin\u00a0: \u00ab\u00a0De m\u00eame que l&rsquo;exemple de leur glorieux combat nous excite \u00e0 les imiter; ainsi leurs noms t\u00e9moignent de l&rsquo;imp\u00e9rissable r\u00e9compense que nous devons recevoir\u2026 Que servirait la Perp\u00e9tuit\u00e9 sans la F\u00e9licit\u00e9? et sans la Perp\u00e9tuit\u00e9 la F\u00e9licit\u00e9 ne serait que passag\u00e8re&#8230;\u00bb. \u00a0<\/span><\/p>\n<p style=\"text-align: justify;\"><span style=\"color: #000000;\"><strong>Un martyr qualifi\u00e9\u00a0:<\/strong> Ces personnes, dit Saint Augustin, n&rsquo;\u00e9taient pas seulement des personnes du sexe, <strong>c&rsquo;\u00e9taient des femmes<\/strong>. Toutes deux m\u00eames \u00e9taient m\u00e8res, nouvelle circonstance qui s&rsquo;ajoutait \u00e0 l&rsquo;infirmit\u00e9 du sexe, pour les rendre plus sensibles \u00e0 la souffrance. Voil\u00e0 pourquoi les deux saintes emport\u00e8rent sur leurs compagnons la primaut\u00e9 dans cette f\u00eate, parce que \u00e0 cause de leur sexe faible il y a eu un plus grand miracle pour vaincre l&rsquo;antique ennemi; et parce qu&rsquo;en combattant, la vertu des hommes avait les yeux ouverts sur la Perp\u00e9tuelle F\u00e9licit\u00e9.<\/span><\/p>\n<p style=\"text-align: justify;\"><span style=\"color: #000000;\">Et maintenant d\u00e9pla\u00e7ons nous avec les yeux de l\u2019imagination au lieu de martyr de Perp\u00e9tue et F\u00e9licit\u00e9\u2026 l\u2019amphith\u00e9\u00e2tre de Carthage. Mgr Gourlot \u00e9crivait\u00a0: <em>\u00ab\u00a0Je ne crois pas qu\u2019il ait dans toute l\u2019Afrique du Nord un lieu plus saint que l\u2019amphith\u00e9\u00e2tre de Carthage, o\u00f9 sont tomb\u00e9s tant de martyrs. Leurs reliques ont \u00e9t\u00e9 dispers\u00e9es et nous ne savons pas gu\u00e8re o\u00f9 elles ont repos\u00e9, mais nous savons que dans cette ar\u00e8ne, le sol a bu leur sang. On pourrait, comme faisait un pape dans le Colis\u00e9e, ramasser une poign\u00e9e de cette terre et dire \u00ab\u00a0Voil\u00e0 les reliques\u00a0!\u00a0\u00bb<a style=\"color: #000000;\" href=\"#_ftn2\" name=\"_ftnref2\"><strong>[2]<\/strong><\/a>. <\/em><\/span><\/p>\n<p style=\"text-align: justify;\"><img data-recalc-dims=\"1\" decoding=\"async\" src=\"https:\/\/i0.wp.com\/stephendanko.com\/blog\/wp-content\/uploads\/2011\/09\/Carthage-Amphitheater.jpg?w=980\" alt=\"\" \/><\/p>\n<p style=\"text-align: justify;\"><span style=\"color: #000000;\">Et M.V. Gu\u00e9rin poursuit\u00a0: <em>\u00ab\u00a0Aujourd\u2019hui, cette ar\u00e8ne ensanglant\u00e9e est retourn\u00e9e par la charrue\u00a0; les caveaux o\u00f9 l\u2019on renfermait les b\u00eates f\u00e9roces sont d\u00e9truits et obstru\u00e9s\u00a0; les gradins o\u00f9 se pressaient tant de milliers de spectateurs ont disparu totalement et le souvenir seul de tous les drames sanglants qui y furent jou\u00e9s a surv\u00e9cu \u00e0 ce monument an\u00e9anti\u00a0\u00bb<a style=\"color: #000000;\" href=\"#_ftn3\" name=\"_ftnref3\"><strong>[3]<\/strong><\/a>.<\/em><\/span><\/p>\n<p style=\"text-align: justify;\"><span style=\"color: #000000;\">Le P. Delattre, ayant commenc\u00e9 en 1985 \u00e0 d\u00e9blayer l\u2019int\u00e9rieur, a reconnu que le monument, beaucoup plus grand qu\u2019on ne l\u2019avait cru jusqu\u2019\u00e0 pr\u00e9sent, atteignait les dimensions du Colis\u00e9e. Cette constatation nous remet, en effet, en m\u00e9moire de la \u00ab\u00a0Passio\u00a0\u00bb de Saint Perp\u00e9tue, o\u00f9, la Martyre faisant le r\u00e9cite de sa vision, raconte qu\u2019en arrivant \u00e0 l\u2019amphith\u00e9\u00e2tre, elle vit, sur les gradins, une foule immense. Pour cela le Cardinal Lavigerie \u00e9crivait le 9 Mai 1885\u00a0: <em>\u00ab\u00a0Combien je voudrais \u00eatre assez riche, pour \u00e9lever dans l\u2019amphith\u00e9\u00e2tre un monument, une chapelle \u00e0 la m\u00e9moire de F\u00e9licit\u00e9 et Perp\u00e9tue et tant de Saint Martyrs\u00a0! Combien je voudrais qu\u2019\u00e0 mon d\u00e9faut, quelque g\u00e9n\u00e9reux chr\u00e9tien voulut du moins le faire\u00a0\u00bb.<\/em><\/span><\/p>\n<p style=\"text-align: justify;\"><span style=\"color: #000000;\">Rentrons donc avec l\u2019esprit dans cette chapelle, prison autrefois, et imaginons les saint martyrs ensemble en s\u2019encouragent les uns aux autres, pr\u00eats \u00e0 donner leur vie pour le Christ et la Sainte Eglise. Aujourd\u2019hui donc c\u2019est un jour de joie pour notre \u00e9glise en Tunisie et pour chacun de nous\u00a0! Saint Augustin disait\u00a0: \u00ab\u00a0Le retour anniversaire de ce jour nous rappelle \u00e0 la m\u00e9moire et nous repr\u00e9sente en quelque sorte le jour solennel o\u00f9 les saintes servantes de Dieu\u00a0<em>Perp\u00e9tue et F\u00e9licit\u00e9<\/em>\u00a0commenc\u00e8rent \u00e0 jouir de la\u00a0<em>f\u00e9licit\u00e9 perp\u00e9tuelle<\/em>\u2026 Certes, \u00ab\u00a0ils nous devancent, ils s&rsquo;\u00e9l\u00e8vent bien au-dessus de nous:<\/span><\/p>\n<ul style=\"text-align: justify;\">\n<li><span style=\"color: #000000;\">si nous ne pouvons les suivre par nos actions, suivons-les en d\u00e9sir;<\/span><\/li>\n<li><span style=\"color: #000000;\">si nous n&rsquo;approchons pas de leur gloire, partageons leur joie;<\/span><\/li>\n<li><span style=\"color: #000000;\">si nous n&rsquo;avons pas leurs m\u00e9rites, formons-en le v\u0153u;<\/span><\/li>\n<li><span style=\"color: #000000;\">si nous ne souffrons pas ce qu&rsquo;ils ont souffert, compatissons;<\/span><\/li>\n<li><span style=\"color: #000000;\">si nous ne nous \u00e9levons pas comme eux, tenons \u00e0 eux.<\/span><\/li>\n<\/ul>\n<p style=\"text-align: justify;\"><span style=\"color: #000000;\">\u00abSi un membre souffre, est-il \u00e9crit, tous les autres souffrent avec lui ; et quand un membre est dans la joie, avec lui y sont aussi tous les autres\u00bb. C&rsquo;est la gloire du Chef divin qui veille \u00e9galement sur les mains et sur les pieds, sur les membres sup\u00e9rieurs et sur les membres inf\u00e9rieurs\u2026.\u00a0<\/span><\/p>\n<p style=\"text-align: justify;\">\n<hr \/>\n<p style=\"text-align: justify;\"><a style=\"color: #000000;\" href=\"#_ftnref1\" name=\"_ftn1\">[1]<\/a> Saint Augustin, Sermons <a style=\"color: #000000;\" name=\"_Toc35917782\"><\/a>CCLXXX, CCLXXXI, CCLXXXII.<\/p>\n<p style=\"text-align: justify;\"><span style=\"color: #000000;\"><a style=\"color: #000000;\" href=\"#_ftnref2\" name=\"_ftn2\">[2]<\/a> Mgr Gourlot, Saints d\u2019Afrique, Narmura, 1930, p.42.<\/span><\/p>\n<p style=\"text-align: justify;\"><span style=\"color: #000000;\"><a style=\"color: #000000;\" href=\"#_ftnref3\" name=\"_ftn3\">[3]<\/a> Voyage arch\u00e9ologique dans la R\u00e9gence de Tunis par M.V. Gu\u00e9rin-Tome 1, p. 37-38.<\/span><\/p>\n","protected":false},"excerpt":{"rendered":"<p>Au jour de leur m\u00e9moire nous nous demandons pourquoi un tel honneur dans l\u2019Eglise pour ces deux saintes\u00a0? Pourquoi dans le canon romain de l\u2019Eglise il y a ces deux noms\u00a0? Pourquoi Perp\u00e9tu\u00e9 et F\u00e9licit\u00e9 et non pas Saturnin ou Saturus? Dans l\u2019extraordinaire \u00e9loquence de Saint Augustin nous trouvons une \u2026<\/p>\n<p class=\"continue-reading-button\"> <a class=\"continue-reading-link\" href=\"http:\/\/archeologiechretienne.ive.org\/?p=198\">Continuer \u00e0 lire<i class=\"crycon-right-dir\"><\/i><\/a><\/p>\n","protected":false},"author":1,"featured_media":199,"comment_status":"open","ping_status":"open","sticky":false,"template":"","format":"standard","meta":{"jetpack_post_was_ever_published":false,"_jetpack_newsletter_access":"","_jetpack_dont_email_post_to_subs":false,"_jetpack_newsletter_tier_id":0,"_jetpack_memberships_contains_paywalled_content":false,"_jetpack_memberships_contains_paid_content":false,"footnotes":"","jetpack_publicize_message":"","jetpack_publicize_feature_enabled":true,"jetpack_social_post_already_shared":true,"jetpack_social_options":{"image_generator_settings":{"template":"highway","default_image_id":0,"font":"","enabled":false},"version":2}},"categories":[23],"tags":[17,27,7,46,37,40,19,18],"class_list":["post-198","post","type-post","status-publish","format-standard","has-post-thumbnail","hentry","category-martyrs-chretiens","tag-afrique-du-nord","tag-archeologie-chretienne","tag-carthage","tag-eglise-catholique","tag-foi-catholique","tag-martyrs-chretiens","tag-perpetue-et-felicite","tag-tunisie"],"jetpack_publicize_connections":[],"jetpack_featured_media_url":"https:\/\/i0.wp.com\/archeologiechretienne.ive.org\/wp-content\/uploads\/2015\/03\/saintes.jpg?fit=298%2C375","jetpack_sharing_enabled":true,"jetpack_shortlink":"https:\/\/wp.me\/p5FzU9-3c","_links":{"self":[{"href":"http:\/\/archeologiechretienne.ive.org\/index.php?rest_route=\/wp\/v2\/posts\/198","targetHints":{"allow":["GET"]}}],"collection":[{"href":"http:\/\/archeologiechretienne.ive.org\/index.php?rest_route=\/wp\/v2\/posts"}],"about":[{"href":"http:\/\/archeologiechretienne.ive.org\/index.php?rest_route=\/wp\/v2\/types\/post"}],"author":[{"embeddable":true,"href":"http:\/\/archeologiechretienne.ive.org\/index.php?rest_route=\/wp\/v2\/users\/1"}],"replies":[{"embeddable":true,"href":"http:\/\/archeologiechretienne.ive.org\/index.php?rest_route=%2Fwp%2Fv2%2Fcomments&post=198"}],"version-history":[{"count":1,"href":"http:\/\/archeologiechretienne.ive.org\/index.php?rest_route=\/wp\/v2\/posts\/198\/revisions"}],"predecessor-version":[{"id":200,"href":"http:\/\/archeologiechretienne.ive.org\/index.php?rest_route=\/wp\/v2\/posts\/198\/revisions\/200"}],"wp:featuredmedia":[{"embeddable":true,"href":"http:\/\/archeologiechretienne.ive.org\/index.php?rest_route=\/wp\/v2\/media\/199"}],"wp:attachment":[{"href":"http:\/\/archeologiechretienne.ive.org\/index.php?rest_route=%2Fwp%2Fv2%2Fmedia&parent=198"}],"wp:term":[{"taxonomy":"category","embeddable":true,"href":"http:\/\/archeologiechretienne.ive.org\/index.php?rest_route=%2Fwp%2Fv2%2Fcategories&post=198"},{"taxonomy":"post_tag","embeddable":true,"href":"http:\/\/archeologiechretienne.ive.org\/index.php?rest_route=%2Fwp%2Fv2%2Ftags&post=198"}],"curies":[{"name":"wp","href":"https:\/\/api.w.org\/{rel}","templated":true}]}}