{"id":280,"date":"2015-07-01T10:48:09","date_gmt":"2015-07-01T10:48:09","guid":{"rendered":"http:\/\/archeologiechretienne.ive.org\/?p=280"},"modified":"2015-07-01T10:48:09","modified_gmt":"2015-07-01T10:48:09","slug":"les-saints-dafrique-du-nord-i","status":"publish","type":"post","link":"http:\/\/archeologiechretienne.ive.org\/?p=280","title":{"rendered":"LES SAINTS D&rsquo;AFRIQUE DU NORD (I)"},"content":{"rendered":"<p style=\"text-align: center;\"><strong>LES SAINTS DE L\u2019AFRIQUE DU NORD<\/strong><\/p>\n<p style=\"text-align: justify;\"><span style=\"color: #000000;\"><strong>3 janvier : SAINT FULGENCE, \u00e9v\u00eaque<\/strong><\/span><br \/>\n<span style=\"color: #000000;\">M\u00e9moire. \u00c0 Ruspe, en Byzac\u00e8ne, en l\u2019an 532, Saint Fulgence, procurateur de cette province, se fit moine ; ensuite, devenu \u00e9v\u00eaque, il eut beaucoup \u00e0 souffrir de la part des ariens, au temps de la pers\u00e9cution des Vandales, et fut deux fois exil\u00e9 en Sardaigne par le roi Thrasamond. Rendu enfin \u00e0 son peuple, il le nourrit fid\u00e8lement de la Parole de V\u00e9rit\u00e9 et de gr\u00e2ce, durant les derni\u00e8res ann\u00e9es de sa vie.<\/span><\/p>\n<p style=\"text-align: justify;\"><strong><span style=\"color: #000000;\">5 janvier : SAINT DEOGRATIAS, \u00e9v\u00eaque<\/span><\/strong><br \/>\n<span style=\"color: #000000;\">M\u00e9moire. \u00c0 Carthage, en 458, Saint Deogratias, \u00e9v\u00eaque et confesseur. Lors de l&rsquo;invasion des Vandales, il racheta un grand nombre de chr\u00e9tiens qui, ayant refus\u00e9 d&rsquo;adh\u00e9rer \u00e0 l&rsquo;h\u00e9r\u00e9sie arienne, avaient \u00e9t\u00e9 arr\u00eat\u00e9s et vendus comme esclaves. Puis riche en bonnes oeuvres, il s&rsquo;endormit dans le Seigneur.<\/span><\/p>\n<p style=\"text-align: justify;\"><strong><span style=\"color: #000000;\">10 janvier : SAINT SALVIUS, martyr<\/span><\/strong><br \/>\n<span style=\"color: #000000;\">M\u00e9moire. Saint Salvius, fut martyris\u00e9 en Afrique au IIIe si\u00e8cle, au d\u00e9but de l&rsquo;\u00e8re chr\u00e9tienne. Saint Augustin fit un sermon au peuple de Carthage le jour de sa naissance au ciel.<\/span><\/p>\n<p style=\"text-align: justify;\"><strong><span style=\"color: #000000;\">11 janvier : SAINTS VICTOR Ier, MILTIADE et G\u00c9LASE Ier, papes<\/span><\/strong><br \/>\n<span style=\"color: #000000;\">M\u00e9moire. Saint Victor est le 14\u00e8me \u00e9v\u00eaque de Rome qui gouverna l\u2019\u00c9glise romaine. Il favorisa syst\u00e9matiquement les \u00e9l\u00e9ments romains au sein de l&rsquo;\u00c9glise. C&rsquo;est \u00e0 cette \u00e9poque que le latin supplante le grec dans la liturgie. Victor est le premier pape de langue latine.<\/span><br \/>\n<span style=\"color: #000000;\">Saint Miltiade ou Melchiade, n\u00e9 en Afrique, fait partie de la cat\u00e9gorie des papes africains. Il est \u00e9v\u00eaque de Rome de 311 jusqu&rsquo;\u00e0 sa mort le 10 ou le 11 janvier 314.<\/span><br \/>\n<span style=\"color: #000000;\">Saint G\u00e9lase Ier, pape d&rsquo;origine berb\u00e8re, est le 49\u00e8me pape (492\u2013496). Son r\u00e8gne a dur\u00e9 \u00e0 peine quatre ans mais sa<\/span><br \/>\n<span style=\"color: #000000;\">contribution aux rapports entre \u00c9glise et \u00c9tat et au concept m\u00eame de papaut\u00e9 a \u00e9t\u00e9 d\u00e9cisive.<\/span><\/p>\n<p style=\"text-align: justify;\"><strong><span style=\"color: #000000;\">18 janvier : SAINTS SUCCESSUS, PAUL ET LUCIUS, martyrs<\/span><\/strong><br \/>\n<span style=\"color: #000000;\">M\u00e9moire. \u00c0 Carthage, en 248 ou 249, les Saints martyrs Successus, Paul et Lucius, \u00e9v\u00eaques, qui particip\u00e8rent au Concile tenu en cette ville et furent mis \u00e0 mort sous l\u2019empereur D\u00e8ce.<\/span><\/p>\n<p style=\"text-align: justify;\"><span style=\"color: #000000;\"><strong>27 Janvier : SAINT THEOG\u00c8NE, \u00e9v\u00eaque et martyr<\/strong><\/span><br \/>\n<span style=\"color: #000000;\">M\u00e9moire. \u00c0 Hippone en Numidie, vers 257, Saint Th\u00e9og\u00e8ne, martyr, Saint Augustin parle de lui dans un sermon.<\/span><\/p>\n<p style=\"text-align: justify;\"><strong><span style=\"color: #000000;\">4 f\u00e9vrier : SAINTS CELERIN ET SES COMPAGNONS, martyrs<\/span><\/strong><br \/>\n<span style=\"color: #000000;\">M\u00e9moire. \u00c0 Carthage, en 280, Saint C\u00e9lerin, lecteur et martyr. D\u00e9tenu en prison, subissant les entraves, les fers et divers tourments, il fut un confesseur invincible du Christ, frayant aux autres le chemin de la victoire et suivant les traces de son a\u00efeule C\u00e9lerine, couronn\u00e9e d\u00e9j\u00e0 du martyre, de Laurent, son oncle paternel et d\u2019Ignace, son oncle maternel, qui autrefois furent dans les camps de l\u2019arm\u00e9e puis, devenus vrais soldats de Dieu, m\u00e9rit\u00e8rent par leur glorieuse passion les palmes et les couronnes du Seigneur.<\/span><\/p>\n<p style=\"text-align: justify;\"><strong><span style=\"color: #000000;\">13 f\u00e9vrier : MARTYRS D\u00b4ABIT\u00c8NE<\/span><\/strong><br \/>\n<span style=\"color: #000000;\">M\u00e9moire. Groupe de quarante-six martyrs d\u2019Abit\u00e8ne en Afrique, durant la pers\u00e9cution de l\u2019empereur romain Diocl\u00e9tien (284-305), arr\u00eat\u00e9s lors d\u2019une c\u00e9l\u00e9bration eucharistique puis conduits \u00e0 Carthage pour y \u00eatre jug\u00e9s. Comme ils avaient ardemment d\u00e9fendu leur foi, on les laissa tous p\u00e9rir en prison. Leurs \u00ab Acta \u00bb portent le sceau de l\u2019authenticit\u00e9.<\/span><\/p>\n<p style=\"text-align: justify;\"><strong><span style=\"color: #000000;\">19 f\u00e9vrier : SAINT QUODVULTDEUS, martyr<\/span><\/strong><br \/>\n<span style=\"color: #000000;\">M\u00e9moire. \u00c0 Naples, en 439, la mise au tombeau de Saint Quodvultdeus, \u00e9v\u00eaque de Carthage. Avec son clerg\u00e9, sur l&rsquo;ordre du\u00a0<\/span><span style=\"color: #000000;\">roi arien Gens\u00e9ric, il fut expuls\u00e9, embarqu\u00e9 sur des bateaux avari\u00e9s, sans voile ni aviron, et, contre tout espoir, il aborda pr\u00e8s de Naples ; c&rsquo;est l\u00e0 qu&rsquo;il succomba, confesseur de la foi.<\/span><\/p>\n<p style=\"text-align: justify;\"><strong><span style=\"color: #000000;\">24 F\u00e9vrier : SAINTS MONTANUS ET COMPAGNONS, martyrs<\/span><\/strong><br \/>\n<span style=\"color: #000000;\">M\u00e9moire. Quelques jours apr\u00e8s la mort de Saint Cyprien \u00e0 Carthage, une \u00e9meute \u00e9clata et le proconsul en rendit les chr\u00e9tiens responsables, ce qui entraina des poursuites et des nouvelles arrestations dont celles de Montanus et ses compagnons. La plupart d\u00b4entre eux faisaient partie du clerg\u00e9. Ils subirent, en compagnie de beaucoup d\u00b4autres fid\u00e8les, le lent martyre des cachots. On voit dans leur \u00ab Passio \u00bb comment ils se pr\u00e9paraient au martyre avec une grande foi, puret\u00e9 d\u00b4\u00e2me et esp\u00e9rance des biens \u00e9ternels.<\/span><\/p>\n<p style=\"text-align: justify;\"><strong><span style=\"color: #000000;\">7 Mars : SAINTES FELICITE ET PERPETUE ET LEURS COMPAGNONS, martyrs<\/span><\/strong><br \/>\n<span style=\"color: #000000;\">F\u00eate. En 303, sous l\u2019empereur Septime S\u00e9v\u00e8re, elles furent arr\u00eat\u00e9es \u00e0 Carthage avec de jeunes cat\u00e9chum\u00e8nes. Perp\u00e9tue \u00e9tait l\u2019une d\u2019elles, matrone d\u2019environ vingt-deux ans, m\u00e8re d\u2019un enfant \u00e0 la mamelle. F\u00e9licit\u00e9 \u00e9tait une esclave ; comme elle \u00e9tait enceinte, elle devait, d\u2019apr\u00e8s les lois, attendre d\u2019avoir enfant\u00e9 ; elle g\u00e9missait dans les douleurs de l\u2019enfantement, mais se r\u00e9jouissait d\u2019\u00eatre expos\u00e9e aux b\u00eates. Elles s\u2019avanc\u00e8rent de la prison \u00e0 l\u2019amphith\u00e9\u00e2tre, le visage radieux, comme pour le ciel. Avec elles, souffrirent aussi le martyre, les Saints Saturus, Saturnin, R\u00e9vocat et Secondin.<\/span><\/p>\n<p style=\"text-align: justify;\"><strong><span style=\"color: #000000;\">24 Mars : SAINT VICTORIEN ET SES COMPAGNONS, martyrs<\/span><\/strong><br \/>\n<span style=\"color: #000000;\">M\u00e9moire. Comm\u00e9moraison des Saints martyrs Victorien, proconsul de Carthage et deux fr\u00e8res de la ville d\u2019Aquar\u00e8ge; de plus, deux autres marchands. Ces Saints, \u00e0 l\u2019\u00e9poque de la pers\u00e9cution des Vandales, sous le roi arien Hun\u00e9ric, en 434,\u00a0<\/span><span style=\"color: #000000;\">souffrirent les plus cruelles tortures pour avoir confess\u00e9 avec constance la foi catholique, et re\u00e7urent la couronne de gloire.<\/span><\/p>\n<p style=\"text-align: justify;\"><strong><span style=\"color: #000000;\">29 Mars : SAINTS ARCHIMIUS, ARMOGASTE ET SATURUS, martyrs<\/span><\/strong><br \/>\n<span style=\"color: #000000;\">M\u00e9moire. Saints Archimius, Armogaste et Saturus martyrs en Afrique au temps de la pers\u00e9cution de Gens\u00e9ric, roi des Vandales, vers 462. Ils \u00e9taient de la cour du roi Th\u00e9odoric qui voulut obtenir leur adh\u00e9sion \u00e0 l&rsquo;arianisme. Devant la r\u00e9sistance de Saint Armogaste, il les condamna d&rsquo;abord \u00e0 des travaux de terrassement pour qu&rsquo;ils soient humili\u00e9s devant leurs anciens coll\u00e8gues, puis condamn\u00e9s aux mines. R\u00e9duits \u00e0 l&rsquo;\u00e9tat d&rsquo;esclaves, ils furent employ\u00e9s comme bouviers jusqu&rsquo;\u00e0 leur mort. Mais on prit soin de ne pas les tuer afin de ne pas en faire des &laquo;&nbsp;martyrs romains&nbsp;&raquo;.<\/span><\/p>\n<p style=\"text-align: justify;\"><strong><span style=\"color: #000000;\">09 Avril : SAINTS T\u00c9RENCE, MAXIME ET 40 COMPAGNONS, martyrs<\/span><\/strong><br \/>\n<span style=\"color: #000000;\">M\u00e9moire. T\u00e9rence, Africain, Maxime, Pomp\u00e9e, Alexandre, Th\u00e9odore et compagnons. Le gouverneur de Carthage en Afrique appliquait avec rigueur les \u00e9dits de pers\u00e9cution de l&#8217;empereur D\u00e8ce. Saint T\u00e9rence et ses compagnons rest\u00e8rent fermes dans leur foi. Furieux, il voulut les vaincre par la souffrance et l&rsquo;humiliation. Il les fit d\u00e9pouiller de tous leurs v\u00eatements et tra\u00eener ainsi jusqu&rsquo;au temple d&rsquo;Hercule. Devant leur constance, il voulut les convaincre par le fouet et les verges qui leur d\u00e9chir\u00e8rent le corps. Puis ils furent d\u00e9capit\u00e9s les uns apr\u00e8s les autres.<\/span><\/p>\n<p style=\"text-align: justify;\"><strong><span style=\"color: #000000;\">10 Avril : BIENHEUREUX ANTOINE NEYROT, martyr<\/span><\/strong><br \/>\n<span style=\"color: #000000;\">M\u00e9moire. \u00c0 Tunis, en 1460, le Bienheureux Antoine Neyrot, pr\u00eatre de l\u2019Ordre des Pr\u00eacheurs et martyr. Enlev\u00e9 par des pirates et conduit de force en Afrique, il eut la faiblesse d\u2019apostasier et de se marier, mais, avec le secours de la gr\u00e2ce divine, un Jeudi Saint, il reprit en public son habit religieux et, frapp\u00e9 d\u2019une gr\u00eale de pierres, il expia sa faute par le martyre.<\/span><\/p>\n<p><strong><span style=\"color: #000000;\">30 Avril : NOTRE-DAME D\u00b4AFRIQUE<\/span><\/strong><br \/>\n<span style=\"color: #000000;\">Solennit\u00e9. La Basilique de Notre-Dame d\u00b4Afrique fut achev\u00e9e en 1872, apr\u00e8s quatorze ans de travaux. L&rsquo;architecte Jean Eug\u00e8ne Fromageau, la construisit sur un plan byzantin, la surmontant d\u2019une coupole. La basilique est consid\u00e9r\u00e9e comme le miroir et le pendant, de l&rsquo;autre c\u00f4t\u00e9 de la M\u00e9diterran\u00e9e, de Notre-Dame-de-la-Garde \u00e0 Marseille. Son importance symbolique et religieuse se trouve r\u00e9sum\u00e9e dans cette maxime inscrite en fran\u00e7ais, en arabe et en kabyle sur le mur de l&rsquo;abside derri\u00e8re l&rsquo;autel : \u00ab Notre Dame d&rsquo;Afrique priez pour nous et pour les Musulmans \u00bb. Elle a \u00e9t\u00e9 restaur\u00e9e en 2010.<\/span><\/p>\n<p style=\"text-align: justify;\"><strong><span style=\"color: #000000;\">4 Mai : SAINTS VIND\u00c9MIAL, LONGIN ET EUG\u00c8NE, martyrs<\/span><\/strong><br \/>\n<span style=\"color: #000000;\">M\u00e9moire. Comm\u00e9moration des Saints \u00e9v\u00eaques et martyrs Vind\u00e9mial, de Capsa en Numidie, et Longin, de Pamaria en Maur\u00e9tanie, qui combattirent les ariens au Concile de Carthage. En 483, sur l\u2019ordre d\u2019Hun\u00e9ric, roi des Vandales, ils furent d\u00e9capit\u00e9s.<\/span><\/p>\n<p style=\"text-align: justify;\"><strong><span style=\"color: #000000;\">6 Mai : SAINTS JACQUES, diacre et MARIEN, lecteur<\/span><\/strong><br \/>\n<span style=\"color: #000000;\">M\u00e9moire. \u00c0 Lamb\u00e8se en Numidie, en l\u2019an 259, les Saints martyrs Marien, lecteur, et Jacques, diacre. Le premier avait d\u00e9j\u00e0 triomph\u00e9 des rigueurs de la pers\u00e9cution de D\u00e8ce en confessant le Christ. Il fut pris une seconde fois avec son illustre coll\u00e8gue, et tous deux, apr\u00e8s des supplices cruels, mais fortifi\u00e9s par la gr\u00e2ce divine, p\u00e9rirent par l\u2019\u00e9p\u00e9e avec beaucoup d\u2019autres.<\/span><\/p>\n<p style=\"text-align: justify;\"><strong><span style=\"color: #000000;\">16 Mai : SAINT POSSIDIUS, \u00e9v\u00eaque<\/span><\/strong><br \/>\n<span style=\"color: #000000;\">M\u00e9moire. Possidius de Calame ou Possidonius. Il est \u00e9lu \u00e9v\u00eaque de Calame en 397. \u00c0 partir de 404, il fut violemment pers\u00e9cut\u00e9 par les pa\u00efens de sa ville, puis il dut s&rsquo;exiler apr\u00e8s l&rsquo;invasion de l&rsquo;Afrique par les Vandales. Il assista Saint Augustin sur son lit de mort, en 430, et lui ferma les yeux. Il est compt\u00e9 parmi les p\u00e8res fondateurs de l&rsquo;ordre des chanoines r\u00e9guliers dits aussi de Saint\u00a0<\/span><span style=\"color: #000000;\">Augustin. La tradition italienne le fait mourir \u00e0 Mirandole o\u00f9 il avait trouv\u00e9 refuge.<\/span><\/p>\n<p style=\"text-align: justify;\"><strong><span style=\"color: #000000;\">22 Mai : SAINTS CASTE ET \u00c9MILE, martyrs<\/span><\/strong><br \/>\n<span style=\"color: #000000;\">M\u00e9moire. En Afrique, vers 250, les Saints martyrs Caste et \u00c9mile, qui achev\u00e8rent leur martyre par le feu. Comme l\u2019\u00e9crit Saint Cyprien, ces deux chr\u00e9tiens vaincus dans un premier combat, le Seigneur les fit triompher dans un second, afin qu\u2019apr\u00e8s avoir c\u00e9d\u00e9 aux flammes, ils deviennent ensuite plus forts que les flammes.<\/span><\/p>\n<p style=\"text-align: justify;\"><strong><span style=\"color: #000000;\">24 Mai : NOTRE DAME DE CARTHAGE<\/span><\/strong><br \/>\n<span style=\"color: #000000;\">M\u00e9moire. En 1881, le P\u00e8re Delattre, P\u00e8re Blanc et arch\u00e9ologue, d\u00e9couvre dans les ruines de la basilique Damous el-Karita, \u00e0 Carthage, un bas-relief de marbre blanc en deux parties, tr\u00e8s endommag\u00e9, o\u00f9 il identifie l&rsquo;Adoration de l&rsquo;Enfant-J\u00e9sus par les Mages et l&rsquo;Apparition de l&rsquo;ange aux bergers. Il date le bas relief du IVe si\u00e8cle. Plusieurs essais de reconstruction de la partie sup\u00e9rieure du bas-relief, la mieux conserv\u00e9e, furent r\u00e9alis\u00e9s tr\u00e8s t\u00f4t. La plus fid\u00e8le fut ex\u00e9cut\u00e9e, semble-t-il, sous les indications du P. Delattre, sans que l&rsquo;auteur en soit connu. Elle est actuellement dans la chapelle Lavigerie, \u00e0 la paroisse Saint Cyprien de Carthage \u00e0 La Marsa. S. Figlia s&rsquo;inspira de cette reproduction pour sculpter en 1914, en marbre de Carrare, l&rsquo;actuelle statue de Notre Dame de Carthage. La statue se trouvait \u00e0 la basilique primatiale Saint-Louis de Carthage jusqu&rsquo;en 1964. Elle est maintenant \u00e0 la Cath\u00e9drale de Tunis.<\/span><\/p>\n<p style=\"text-align: justify;\"><strong><span style=\"color: #000000;\">4 Juin : SAINT OPTAT, \u00e9v\u00eaque<\/span><\/strong><br \/>\n<span style=\"color: #000000;\">M\u00e9moire. Saint Optat est le pr\u00e9curseur de Saint Augustin dans la lutte contre le schisme des donatistes, sectaires ambitieux, partisans de Donat, qui contestaient la validit\u00e9 du pouvoir de certains \u00e9v\u00eaques, sous pr\u00e9texte qu&rsquo;ils \u00e9taient traditeurs ou ordonn\u00e9s par des traditeurs. Le traditeur \u00e9tait celui qui, pendant les pers\u00e9cutions, avait livr\u00e9 aux pa\u00efens des livres sacr\u00e9s ou des objets liturgiques. Saint J\u00e9r\u00f4me parle de Saint Optat dans son oeuvre \u00ab De viris\u00bb, mais sans d\u00e9tails biographiques. Saint Augustin\u00a0<\/span><span style=\"color: #000000;\">le mentionne plus d\u2019une fois, et avec grande estime. Il l&rsquo;a cit\u00e9 longuement dans sa pol\u00e9mique anti-donatiste. Cent ans plus tard, Saint Fulgence de Ruspe voit dans Optat un ma\u00eetre comparable \u00e0 Augustin et \u00e0 Ambroise. Optat, (nom tr\u00e8s r\u00e9pandu en Afrique, vers le IVe si\u00e8cle) fut \u00e9v\u00eaque de Mil\u00e8ve, en Afrique.<\/span><\/p>\n<p style=\"text-align: justify;\"><strong><span style=\"color: #000000;\">10 Juin : SAINTE OLIVE, martyre<\/span><\/strong><br \/>\n<span style=\"color: #000000;\">M\u00e9moire. Mise \u00e0 mort \u00e0 Brescia o\u00f9 se trouvent ses reliques, mais l&rsquo;histoire est plus discr\u00e8te que la l\u00e9gende. La l\u00e9gende dit qu&rsquo;elle \u00e9tait une petite chr\u00e9tienne de Palerme en Sicile et qu&rsquo;\u00e0 treize ans, elle fut prise par des pirates et emmen\u00e9e \u00e0 Tunis. Quand ils apprirent qu&rsquo;elle \u00e9tait de sang royal, ils l&rsquo;\u00e9pargn\u00e8rent, la laissant dans une for\u00eat pour que ce soient les b\u00eates sauvages qui la tuent. Elles la prot\u00e9g\u00e8rent et le gouverneur la ramena dans sa prison, la soumit \u00e0 de dures tortures et, pour s&rsquo;en d\u00e9barrasser, il n&rsquo;eut d&rsquo;autres solutions que de la faire d\u00e9capiter. Chose \u00e9tonnante, il y a \u00e0 Tunis une &laquo;&nbsp;mosqu\u00e9e d&rsquo;Olive&nbsp;&raquo; construite sur une ancienne basilique byzantine qui rappelait le lieu du martyre d\u2019Olive.<\/span><\/p>\n<p style=\"text-align: justify;\"><strong><span style=\"color: #000000;\">17 Juin : SAINTE EMILIE DE VIALAR<\/span><\/strong><br \/>\n<span style=\"color: #000000;\">M\u00e9moire. \u00c0 Marseille, en 1856, Sainte \u00c9milie de Vialar, vierge. Dans le souci de diffuser l\u2019\u00c9vangile dans les contr\u00e9es les plus lointaines, elle fonda la Congr\u00e9gation des Soeurs de Saint-Joseph de l\u2019Apparition et, \u00e0 travers les tracas, les pers\u00e9cutions, la pauvret\u00e9, elle d\u00e9veloppa consid\u00e9rablement son institut en fondant quarante-deux maisons, de l\u2019Afrique du Nord \u00e0 la Birmanie.<\/span><\/p>\n<p style=\"text-align: justify;\"><strong><span style=\"color: #000000;\">18 Juin : SAINT ROCH, patron de la Ville de Tunis<\/span><\/strong><br \/>\n<span style=\"color: #000000;\">F\u00eate \u00e0 Tunis. C\u2019est le Saint repr\u00e9sent\u00e9 le plus fr\u00e9quemment (avec St Jacques) dans les \u00e9glises ou au bord des rues ou sentiers emprunt\u00e9s par les chemins de St Jacques allant \u00e0 Compostelle, aussi bien en France qu&rsquo;en Espagne, car les p\u00e8lerins se pla\u00e7aient sous sa protection pour qu&rsquo;il les pr\u00e9serve des maladies sur le Chemin. En Lombardie, vers 1379, le tr\u00e9pas de Saint Roch. N\u00e9 \u00e0 Montpellier, il se fit p\u00e8lerin et, en soignant des pestif\u00e9r\u00e9s \u00e0 travers l\u2019Italie, il s\u2019acquit une r\u00e9putation de saintet\u00e9.<\/span><\/p>\n<p><strong><span style=\"color: #000000;\">26 Juin : SAINTE GUDD\u00c9NIS, vierge et martyre<\/span><\/strong><br \/>\n<span style=\"color: #000000;\">M\u00e9moire. \u00c0 Carthage, en 203, Sainte Gudd\u00e9nis, martyre. Par ordre du proconsul Rufin, pour avoir confess\u00e9 le Christ, elle fut condamn\u00e9e \u00e0 quatre reprises, tortur\u00e9e avec des ongles de fer, longtemps enferm\u00e9e dans un cachot infect, et enfin mise \u00e0 mort par l\u2019\u00e9p\u00e9e.<\/span><\/p>\n","protected":false},"excerpt":{"rendered":"<p>LES SAINTS DE L\u2019AFRIQUE DU NORD 3 janvier : SAINT FULGENCE, \u00e9v\u00eaque M\u00e9moire. \u00c0 Ruspe, en Byzac\u00e8ne, en l\u2019an 532, Saint Fulgence, procurateur de cette province, se fit moine ; ensuite, devenu \u00e9v\u00eaque, il eut beaucoup \u00e0 souffrir de la part des ariens, au temps de la pers\u00e9cution des Vandales, \u2026<\/p>\n<p class=\"continue-reading-button\"> <a class=\"continue-reading-link\" href=\"http:\/\/archeologiechretienne.ive.org\/?p=280\">Continuer \u00e0 lire<i class=\"crycon-right-dir\"><\/i><\/a><\/p>\n","protected":false},"author":1,"featured_media":281,"comment_status":"open","ping_status":"open","sticky":false,"template":"","format":"standard","meta":{"jetpack_post_was_ever_published":false,"_jetpack_newsletter_access":"","_jetpack_dont_email_post_to_subs":false,"_jetpack_newsletter_tier_id":0,"_jetpack_memberships_contains_paywalled_content":false,"_jetpack_memberships_contains_paid_content":false,"footnotes":"","jetpack_publicize_message":"","jetpack_publicize_feature_enabled":true,"jetpack_social_post_already_shared":true,"jetpack_social_options":{"image_generator_settings":{"template":"highway","default_image_id":0,"font":"","enabled":false},"version":2}},"categories":[93],"tags":[27,56,67,46,94,6],"class_list":["post-280","post","type-post","status-publish","format-standard","has-post-thumbnail","hentry","category-saints-africains","tag-archeologie-chretienne","tag-art-chretien","tag-carthage-chretienne","tag-eglise-catholique","tag-saints-afrique-du-nord","tag-tunis"],"jetpack_publicize_connections":[],"jetpack_featured_media_url":"https:\/\/i0.wp.com\/archeologiechretienne.ive.org\/wp-content\/uploads\/2015\/07\/photos.jpg?fit=900%2C572","jetpack_sharing_enabled":true,"jetpack_shortlink":"https:\/\/wp.me\/p5FzU9-4w","_links":{"self":[{"href":"http:\/\/archeologiechretienne.ive.org\/index.php?rest_route=\/wp\/v2\/posts\/280","targetHints":{"allow":["GET"]}}],"collection":[{"href":"http:\/\/archeologiechretienne.ive.org\/index.php?rest_route=\/wp\/v2\/posts"}],"about":[{"href":"http:\/\/archeologiechretienne.ive.org\/index.php?rest_route=\/wp\/v2\/types\/post"}],"author":[{"embeddable":true,"href":"http:\/\/archeologiechretienne.ive.org\/index.php?rest_route=\/wp\/v2\/users\/1"}],"replies":[{"embeddable":true,"href":"http:\/\/archeologiechretienne.ive.org\/index.php?rest_route=%2Fwp%2Fv2%2Fcomments&post=280"}],"version-history":[{"count":1,"href":"http:\/\/archeologiechretienne.ive.org\/index.php?rest_route=\/wp\/v2\/posts\/280\/revisions"}],"predecessor-version":[{"id":282,"href":"http:\/\/archeologiechretienne.ive.org\/index.php?rest_route=\/wp\/v2\/posts\/280\/revisions\/282"}],"wp:featuredmedia":[{"embeddable":true,"href":"http:\/\/archeologiechretienne.ive.org\/index.php?rest_route=\/wp\/v2\/media\/281"}],"wp:attachment":[{"href":"http:\/\/archeologiechretienne.ive.org\/index.php?rest_route=%2Fwp%2Fv2%2Fmedia&parent=280"}],"wp:term":[{"taxonomy":"category","embeddable":true,"href":"http:\/\/archeologiechretienne.ive.org\/index.php?rest_route=%2Fwp%2Fv2%2Fcategories&post=280"},{"taxonomy":"post_tag","embeddable":true,"href":"http:\/\/archeologiechretienne.ive.org\/index.php?rest_route=%2Fwp%2Fv2%2Ftags&post=280"}],"curies":[{"name":"wp","href":"https:\/\/api.w.org\/{rel}","templated":true}]}}