{"id":365,"date":"2015-10-14T09:52:56","date_gmt":"2015-10-14T09:52:56","guid":{"rendered":"http:\/\/archeologiechretienne.ive.org\/?p=365"},"modified":"2015-10-14T09:52:56","modified_gmt":"2015-10-14T09:52:56","slug":"saint-calixte-et-les-catacombes","status":"publish","type":"post","link":"http:\/\/archeologiechretienne.ive.org\/?p=365","title":{"rendered":"SAINT CALIXTE ET LES CATACOMBES"},"content":{"rendered":"<h2 style=\"text-align: center;\"><strong>Saint Calixte Ier (155-222) <\/strong><br \/>\n<strong> Pape de 217 \u00e0 222<\/strong><br \/>\n<strong> Martyr<a href=\"#_ftn1\" name=\"_ftnref1\">[1]<\/a><\/strong><\/h2>\n<p>&nbsp;<\/p>\n<p style=\"text-align: justify;\"><span style=\"color: #000000;\">Calixte na\u00eet vers 155 d&rsquo;une famille d&rsquo;esclaves d&rsquo;origine grecque qui habitait le quartier du Transt\u00e9v\u00e8re (Trastevere) \u00e0 Rome. Calixte (kalistos = le plus beau) devint chr\u00e9tien au d\u00e9but de sa vie d&rsquo;adulte. Il fut d&rsquo;abord au service d&rsquo;un haut fonctionnaire de l&#8217;empereur Commode, nomm\u00e9 Carpophore, chr\u00e9tien lui-m\u00eame, qui le chargea d&rsquo;administrer ses biens. En relation d&rsquo;affaires avec quelques juifs de Rome, il fit de mauvaises op\u00e9rations, s&rsquo;affola, prit la fuite, fut finalement rattrap\u00e9 et enferm\u00e9 dans un cachot. Son ma\u00eetre, qui l&rsquo;estimait, le fit rel\u00e2cher, pensant qu&rsquo;il parviendrait \u00e0 r\u00e9cup\u00e9rer l&rsquo;argent perdu. Il \u00e9tait sur le point d&rsquo;aboutir quand il p\u00e9n\u00e9tra un jour de sabbat dans la synagogue, perturba l&rsquo;office qui s&rsquo;y c\u00e9l\u00e9brait et se fit mettre rudement \u00e0 la porte par les participants qui le livr\u00e8rent au pr\u00e9fet Tuscianus en le d\u00e9non\u00e7ant comme chr\u00e9tien.<\/span><\/p>\n<p><img data-recalc-dims=\"1\" decoding=\"async\" class=\"aligncenter\" src=\"https:\/\/i0.wp.com\/reflexionchretienne.e-monsite.com\/medias\/images\/0000-dyn002-original-520-390-pjpeg-d1a03071b36d23ddc105093c24519feb-1.jpg?w=980\" alt=\"http:\/\/reflexionchretienne.e-monsite.com\/medias\/images\/0000-dyn002-original-520-390-pjpeg-d1a03071b36d23ddc105093c24519feb-1.jpg\" \/><\/p>\n<p style=\"text-align: justify;\"><span style=\"color: #000000;\">Il fut condamn\u00e9 aux mines de soufre de Sardaigne pour avoir troubl\u00e9 une r\u00e9union juive, et parce que chr\u00e9tien. Il travailla donc durant 3 ans \u00e0 l&rsquo;extraction du minerai en Sardaigne et l\u00e0, c\u00f4toya de nombreux martyrs chr\u00e9tiens, rel\u00e9gu\u00e9s au bagne comme lui : il se montra aupr\u00e8s d&rsquo;eux d&rsquo;un d\u00e9vouement admirable.<\/span><\/p>\n<p style=\"text-align: justify;\"><span style=\"color: #000000;\">Lib\u00e9r\u00e9 et affranchi vers 190, il passa quelques ann\u00e9es \u00e0 Antium (Anzio) au sud-est de Rome. Z\u00e9phyrin, d\u00e8s son \u00e9lection comme pape en 199, l&rsquo;appela \u00e0 ses c\u00f4t\u00e9s, le faisant son secr\u00e9taire personnel et l&rsquo;archidiacre de la ville : il le rendit responsable de la direction du clerg\u00e9 et de la cr\u00e9ation du premier cimeti\u00e8re chr\u00e9tien qu&rsquo;il fit creuser dans le tuf sur la Via Appia : cimeti\u00e8re qui porte aujourd&rsquo;hui son nom \u00ab Catacombe de Saint-Calixte \u00bb.Lib\u00e9r\u00e9 et affranchi vers 190, il passa quelques ann\u00e9es \u00e0 Antium (Anzio) au sud-est de Rome. Z\u00e9phyrin, d\u00e8s son \u00e9lection comme pape en 199, l&rsquo;appela \u00e0 ses c\u00f4t\u00e9s, le faisant son secr\u00e9taire personnel et l&rsquo;archidiacre de la ville : il le rendit responsable de la direction du clerg\u00e9 et de la cr\u00e9ation du premier cimeti\u00e8re chr\u00e9tien qu&rsquo;il fit creuser dans le tuf sur la Via Appia : cimeti\u00e8re qui porte aujourd&rsquo;hui son nom \u00ab\u00a0<em>Catacombe de Saint-Calixte<\/em>\u00a0\u00bb.<\/span><\/p>\n<p style=\"text-align: justify;\"><span style=\"color: #000000;\">A la mort de Z\u00e9phyrin, en 217, Calixte est \u00e9lu pape. Il le demeura 5 ans 2 mois et 10 jours. Son court pontificat fut des plus difficiles, marqu\u00e9 par l&rsquo;opposition d&rsquo;un pr\u00eatre de Rome, Hippolyte, brillant mais excessif. Calixte d\u00e9fendit contre lui et quelques autres la foi trinitaire et fit pr\u00e9valoir l&rsquo;usage <em><u>d&rsquo;absoudre tous les p\u00e9ch\u00e9s<\/u><\/em>, y compris ceux que les rigoristes, tel Tertullien, consid\u00e9raient comme impardonnables : l&rsquo;idol\u00e2trie, l&rsquo;adult\u00e8re et le meurtre. Il reconnut comme valide le mariage entre esclaves et femmes libres (non admis comme l\u00e9gal par le droit romain) et accepta le remariage des veufs ainsi que leur entr\u00e9e \u00e9ventuelle dans le clerg\u00e9. Politique d&rsquo;indulgence g\u00e9n\u00e9rale qui lui valut beaucoup de critiques : face \u00e0 ses opposants, il resta ferme et donna sans se lasser l&rsquo;image du bon pasteur.<\/span><\/p>\n<p style=\"text-align: justify;\"><span style=\"color: #000000;\">Il est \u00e0 remarquer qu&rsquo;envers l&rsquo;\u00c9tat, il ne montra aucune servilit\u00e9. Apprenant qu&rsquo;un chr\u00e9tien venait d&rsquo;\u00eatre ex\u00e9cut\u00e9 sur ordre de l&#8217;empereur Alexandre-S\u00e9v\u00e8re et jet\u00e9 dans le Tibre, Calixte se cacha sur les rives du fleuve et avec l&rsquo;aide de quelques p\u00eacheurs et membres du clerg\u00e9, le retira des eaux, c\u00e9l\u00e9brant solennellement ses fun\u00e9railles dans sa catacombe de la Via Appia.<\/span><\/p>\n<p style=\"text-align: justify;\"><span style=\"color: #000000;\">Il mourut le 14 Octobre 222 dans son quartier du Transt\u00e9v\u00e8re, victime d&rsquo;une \u00e9meute dirig\u00e9e contre les chr\u00e9tiens. Jet\u00e9 du haut d&rsquo;une fen\u00eatre dans un puits, recouvert de d\u00e9combres, il en fut retir\u00e9 par un pr\u00eatre une quinzaine de jours apr\u00e8s : on l&rsquo;enterra sur la Via Aur\u00e9lia dans le cimeti\u00e8re de Cal\u00e9pode non loin de l\u00e0. Il laissait l&rsquo;\u00c9glise en pleine prosp\u00e9rit\u00e9, organis\u00e9e corporativement et dot\u00e9e d&rsquo;une \u00e9cole de th\u00e9ologie.<\/span><\/p>\n<p style=\"text-align: justify;\"><span style=\"color: #000000;\">D\u00e8s le d\u00e9but du 4\u00b0 si\u00e8cle, il \u00e9tait d\u00e9clar\u00e9 martyr et l&rsquo;un des rares \u00e0 avoir son anniversaire. Ses reliques se trouvent sous le ma\u00eetre-autel de la basilique Sainte Marie du Transt\u00e9v\u00e8re : elle fut construite sur l&#8217;emplacement du modeste oratoire consacr\u00e9 \u00e0 Marie qu&rsquo;il avait fait \u00e9difier dans sa maison : Ier lieu de culte connu \u00e9rig\u00e9 \u00e0 la m\u00e9moire de la m\u00e8re du Christ dans la Ville \u00e9ternelle.<\/span><\/p>\n<p style=\"text-align: center;\"><strong>LES CATACOMBES DE SAINT-CALIXTE<\/strong><\/p>\n<p style=\"text-align: justify;\"><span style=\"color: #000000;\"><strong><img data-recalc-dims=\"1\" decoding=\"async\" class=\"alignleft\" src=\"https:\/\/i0.wp.com\/www.josemaria.pl\/image\/a212pl.JPG?w=980\" alt=\"http:\/\/www.josemaria.pl\/image\/a212pl.JPG\" \/>Les catacombes de Saint-Calixte sont parmi les plus grandes et les plus importantes de Rome. <\/strong>Elles apparurent vers le milieu du deuxi\u00e8me si\u00e8cle et font partie d\u2019un complexe fun\u00e9raire qui s&rsquo;\u00e9tend sur 15 hectares, avec un r\u00e9seau de pr\u00e8s de 20 kilom\u00e8tres de galeries, sur diff\u00e9rents niveaux et elles atteignent une profondeur de plus de 20 m\u00e8tres. <strong>Des dizaines de martyrs y ont trouv\u00e9 une s\u00e9pulture, ainsi que 16 Papes et de tr\u00e8s nombreux chr\u00e9tiens.<\/strong><\/span><br \/>\n<span style=\"color: #000000;\"> <strong><br \/>\nElles tirent leur nom du diacre saint Calixte<\/strong>, qui au d\u00e9but du IIIe si\u00e8cle fut pr\u00e9pos\u00e9 par le Pape Z\u00e9phyrin \u00e0 l\u2019administration du cimeti\u00e8re et ainsi <strong>les catacombes de Saint-Calixte devinrent le cimeti\u00e8re officiel de l\u2019Eglise de Rome.<\/strong><\/span><\/p>\n<p><span style=\"color: #000000;\"> En surface, sont visibles deux petites basiliques avec trois absides. Dans la basilique orientale furent probablement enterr\u00e9s le pape saint Z\u00e9phyrin et le jeune martyr de l\u2019Eucharistie, saint Tarcisius.<\/span><\/p>\n<p><span style=\"color: #000000;\"> Le cimeti\u00e8re souterrain comprend diff\u00e9rentes zones.<strong> La Crypte des Papes est le lieu le plus sacr\u00e9 et le plus important de ces catacombes<\/strong>, qu\u2019on surnomme <strong>&laquo;&nbsp;le petit Vatican&nbsp;&raquo;<\/strong> parce qu\u2019y furent enterr\u00e9s 9 papes et, probablement, 8 dignitaires de l\u2019Eglise du IIIe si\u00e8cle. Le long des parois on trouve des inscriptions originales en grec de 5 Papes. Sur 4 pierres tombales, \u00e0 c\u00f4t\u00e9 du nom du souverain pontife on lit le titre d\u2019&nbsp;&raquo;\u00e9v\u00eaque&nbsp;&raquo;, parce que le pape \u00e9tait consid\u00e9r\u00e9 comme le chef de l\u2019Eglise de Rome, et sur deux pierres tombales il y a aussi l\u2019abr\u00e9viation grecque de &laquo;&nbsp;MPT&nbsp;&raquo; (martyr).<\/span><\/p>\n<p><span style=\"color: #000000;\"> <img data-recalc-dims=\"1\" decoding=\"async\" class=\"alignleft\" src=\"https:\/\/i0.wp.com\/gothic.g.o.pic.centerblog.net\/amfhrca1.jpg?w=980\" alt=\"http:\/\/gothic.g.o.pic.centerblog.net\/amfhrca1.jpg\" \/><strong>La Crypte de Sainte-C\u00e9cile<\/strong>, la c\u00e9l\u00e8bre patronne de la musique. Originaire d\u2019une noble famille romaine, elle fut martyris\u00e9e au troisi\u00e8me si\u00e8cle. Enterr\u00e9e l\u00e0 o\u00f9 se trouve \u00e0 pr\u00e9sent sa statue, elle fut v\u00e9n\u00e9r\u00e9e ici pendant au moins cinq si\u00e8cles. En 821 ses reliques furent transport\u00e9es \u00e0 Trastevere dans la basilique qui lui est consacr\u00e9e. <\/span><br \/>\n<span style=\"color: #000000;\"> La Statue de sainte C\u00e9cile est une copie de la c\u00e9l\u00e8bre \u0153uvre de Maderno, sculpt\u00e9e en 1559. La crypte \u00e9tait totalement d\u00e9cor\u00e9e de fresques et mosa\u00efques. Sur la paroi proche de la statue l\u2019on trouve une ancienne image de sainte C\u00e9cile, en pri\u00e8re, et en dessous dans une petite niche est repr\u00e9sent\u00e9 le Sauveur, qui tient en main l\u2019Evangile ; \u00e0 c\u00f4t\u00e9 est peint le Pape martyr saint Urbain. Sur un mur du lucernaire on voit les figures de trois martyres : Polycamus, S\u00e9bastien et Quirinus. Ce sont les noyaux les plus anciens (IIe si\u00e8cle).<\/span><\/p>\n<p><span style=\"color: #000000;\"> En traversant les imposantes galeries emplies de loculi, on arrive \u00e0 cinq petites pi\u00e8ces, de v\u00e9ritables tombes de famille, appel\u00e9es cubicula des Sacrements et particuli\u00e8rement importantes en raison des fresques qu\u2019elles abritent. Les fresques datent probablement du d\u00e9but du IIIe si\u00e8cle et repr\u00e9sentent symboliquement les sacrements du Bapt\u00eame et de l\u2019Eucharistie. On y trouve \u00e9galement repr\u00e9sent\u00e9 le proph\u00e8te Jonas, symbole de r\u00e9surrection.<\/span><\/p>\n<hr \/>\n<p style=\"text-align: justify;\">\n<p><span style=\"color: #000000;\"><a style=\"color: #000000;\" href=\"#_ftnref1\" name=\"_ftn1\">[1]<\/a> Source principale : P\u00e8re Jean Saldumbide, cur\u00e9 de l\u2019\u00c9glise saint Calixte \u00e0 Marseille (\u00ab R\u00e9v. x gpm \u00bb).<\/span><\/p>\n<p>&nbsp;<\/p>\n<p>&nbsp;<\/p>\n","protected":false},"excerpt":{"rendered":"<p>Saint Calixte Ier (155-222) Pape de 217 \u00e0 222 Martyr[1] &nbsp; Calixte na\u00eet vers 155 d&rsquo;une famille d&rsquo;esclaves d&rsquo;origine grecque qui habitait le quartier du Transt\u00e9v\u00e8re (Trastevere) \u00e0 Rome. Calixte (kalistos = le plus beau) devint chr\u00e9tien au d\u00e9but de sa vie d&rsquo;adulte. Il fut d&rsquo;abord au service d&rsquo;un haut \u2026<\/p>\n<p class=\"continue-reading-button\"> <a class=\"continue-reading-link\" href=\"http:\/\/archeologiechretienne.ive.org\/?p=365\">Continuer \u00e0 lire<i class=\"crycon-right-dir\"><\/i><\/a><\/p>\n","protected":false},"author":1,"featured_media":366,"comment_status":"open","ping_status":"open","sticky":false,"template":"","format":"standard","meta":{"jetpack_post_was_ever_published":false,"_jetpack_newsletter_access":"","_jetpack_dont_email_post_to_subs":false,"_jetpack_newsletter_tier_id":0,"_jetpack_memberships_contains_paywalled_content":false,"_jetpack_memberships_contains_paid_content":false,"footnotes":"","jetpack_publicize_message":"","jetpack_publicize_feature_enabled":true,"jetpack_social_post_already_shared":true,"jetpack_social_options":{"image_generator_settings":{"template":"highway","default_image_id":0,"font":"","enabled":false},"version":2}},"categories":[23],"tags":[17,27,118,120,58,40,119],"class_list":["post-365","post","type-post","status-publish","format-standard","has-post-thumbnail","hentry","category-martyrs-chretiens","tag-afrique-du-nord","tag-archeologie-chretienne","tag-calixte","tag-catacombes-de-saint-calixte","tag-cathedrale-de-tunis","tag-martyrs-chretiens","tag-rome"],"jetpack_publicize_connections":[],"jetpack_featured_media_url":"https:\/\/i0.wp.com\/archeologiechretienne.ive.org\/wp-content\/uploads\/2015\/10\/Saint-Calixte-cathedrale-de-tunis.jpg?fit=313%2C340","jetpack_sharing_enabled":true,"jetpack_shortlink":"https:\/\/wp.me\/p5FzU9-5T","_links":{"self":[{"href":"http:\/\/archeologiechretienne.ive.org\/index.php?rest_route=\/wp\/v2\/posts\/365","targetHints":{"allow":["GET"]}}],"collection":[{"href":"http:\/\/archeologiechretienne.ive.org\/index.php?rest_route=\/wp\/v2\/posts"}],"about":[{"href":"http:\/\/archeologiechretienne.ive.org\/index.php?rest_route=\/wp\/v2\/types\/post"}],"author":[{"embeddable":true,"href":"http:\/\/archeologiechretienne.ive.org\/index.php?rest_route=\/wp\/v2\/users\/1"}],"replies":[{"embeddable":true,"href":"http:\/\/archeologiechretienne.ive.org\/index.php?rest_route=%2Fwp%2Fv2%2Fcomments&post=365"}],"version-history":[{"count":2,"href":"http:\/\/archeologiechretienne.ive.org\/index.php?rest_route=\/wp\/v2\/posts\/365\/revisions"}],"predecessor-version":[{"id":368,"href":"http:\/\/archeologiechretienne.ive.org\/index.php?rest_route=\/wp\/v2\/posts\/365\/revisions\/368"}],"wp:featuredmedia":[{"embeddable":true,"href":"http:\/\/archeologiechretienne.ive.org\/index.php?rest_route=\/wp\/v2\/media\/366"}],"wp:attachment":[{"href":"http:\/\/archeologiechretienne.ive.org\/index.php?rest_route=%2Fwp%2Fv2%2Fmedia&parent=365"}],"wp:term":[{"taxonomy":"category","embeddable":true,"href":"http:\/\/archeologiechretienne.ive.org\/index.php?rest_route=%2Fwp%2Fv2%2Fcategories&post=365"},{"taxonomy":"post_tag","embeddable":true,"href":"http:\/\/archeologiechretienne.ive.org\/index.php?rest_route=%2Fwp%2Fv2%2Ftags&post=365"}],"curies":[{"name":"wp","href":"https:\/\/api.w.org\/{rel}","templated":true}]}}