{"id":394,"date":"2016-01-08T11:58:37","date_gmt":"2016-01-08T11:58:37","guid":{"rendered":"http:\/\/archeologiechretienne.ive.org\/?p=394"},"modified":"2016-01-08T11:58:37","modified_gmt":"2016-01-08T11:58:37","slug":"thyna-en-tunisie","status":"publish","type":"post","link":"http:\/\/archeologiechretienne.ive.org\/?p=394","title":{"rendered":"THYNA EN TUNISIE"},"content":{"rendered":"<p style=\"text-align: center;\"><span style=\"color: #000000;\"><strong>Thyna<\/strong><\/span><\/p>\n<p style=\"text-align: justify;\"><span style=\"color: #000000;\">(\u0637\u064a\u0646\u0629), \u00e9galement orthographi\u00e9 <strong>Tyna<\/strong> ou <strong>Tina<\/strong>, est une ville tunisienne situ\u00e9e \u00e0 12 kilom\u00e8tres au sud de Sfax.<\/span><\/p>\n<p style=\"text-align: justify;\"><span style=\"color: #000000;\">L&rsquo;ancienne <em>Thaenae<\/em> constituait la cit\u00e9 la plus m\u00e9ridionale de la province romaine d&rsquo;Afrique et formait l&rsquo;une des extr\u00e9mit\u00e9s du limes \u2014 l&rsquo;autre \u00e9tant Thabraca au nord-ouest de la Tunisie au-del\u00e0 duquel s&rsquo;\u00e9tendait le royaume numide en 146 av. J.-C.. Elle devient une colonie sous l&#8217;empereur Hadrien (117-138). Peu de vestiges arch\u00e9ologiques ont \u00e9t\u00e9 conserv\u00e9s mais on rel\u00e8ve les traces de thermes, de villas, d&rsquo;une basilique pal\u00e9ochr\u00e9tienne, d&rsquo;une n\u00e9cropole, de cuves \u00e0 salaisons, etc.<\/span><\/p>\n<p style=\"text-align: justify;\"><span style=\"color: #000000;\">Thyna poss\u00e8de \u00e9galement sur son territoire les deuxi\u00e8mes plus grandes salines du pays (apr\u00e8s celles de Monastir) qui s&rsquo;\u00e9tendent sur 1\u00a0500 hectares et produisent 300\u00a0000 tonnes de sel par an. Employant 120 personnes, elles sont exploit\u00e9es par la Compagnie g\u00e9n\u00e9rale des salines de Tunisie. Ce site sert \u00e9galement de r\u00e9serve naturelle ornithologique pour les migrations hivernales d&rsquo;oiseaux.<\/span><\/p>\n<p style=\"text-align: justify;\"><a href=\"https:\/\/i0.wp.com\/archeologiechretienne.ive.org\/wp-content\/uploads\/2016\/01\/20160104_100908.jpg\" rel=\"attachment wp-att-402\"><img data-recalc-dims=\"1\" loading=\"lazy\" decoding=\"async\" class=\"alignnone size-large wp-image-402\" src=\"https:\/\/i0.wp.com\/archeologiechretienne.ive.org\/wp-content\/uploads\/2016\/01\/20160104_100908.jpg?resize=980%2C588\" alt=\"Thyna archeologie chretienne\" width=\"980\" height=\"588\" srcset=\"https:\/\/i0.wp.com\/archeologiechretienne.ive.org\/wp-content\/uploads\/2016\/01\/20160104_100908.jpg?resize=1024%2C614 1024w, https:\/\/i0.wp.com\/archeologiechretienne.ive.org\/wp-content\/uploads\/2016\/01\/20160104_100908.jpg?resize=300%2C180 300w, https:\/\/i0.wp.com\/archeologiechretienne.ive.org\/wp-content\/uploads\/2016\/01\/20160104_100908.jpg?resize=768%2C461 768w, https:\/\/i0.wp.com\/archeologiechretienne.ive.org\/wp-content\/uploads\/2016\/01\/20160104_100908.jpg?resize=250%2C150 250w, https:\/\/i0.wp.com\/archeologiechretienne.ive.org\/wp-content\/uploads\/2016\/01\/20160104_100908.jpg?resize=150%2C90 150w, https:\/\/i0.wp.com\/archeologiechretienne.ive.org\/wp-content\/uploads\/2016\/01\/20160104_100908.jpg?w=1960 1960w\" sizes=\"auto, (max-width: 980px) 100vw, 980px\" \/><\/a><\/p>\n<p style=\"text-align: justify;\"><span style=\"color: #000000;\"><strong>Historique<\/strong><\/span><\/p>\n<p style=\"text-align: justify;\"><span style=\"color: #000000;\">La chute de Carthage en 164 avant J.C a entrain\u00e9 l\u2019extension de l\u2019empire romaine en Tunisie. Son caract\u00e8re libyco-ph\u00e9nicien a dur\u00e9 un si\u00e8cle et demi apr\u00e8s la destruction de Carthage. Selon Pline, Thyna est le point extr\u00eame de la fosse s\u00e9parant l\u2019Africa vetis (ancien territoire de Carthage) de l\u2019Africa Nova (ancien territoire numidien).<\/span><\/p>\n<p style=\"text-align: justify;\"><span style=\"color: #000000;\">Thyna \u00e9tait une ville libre \u00e0 l\u2019\u00e9poque d\u2019Auguste et fut promue au rang de colonie par Hadrian l\u2019an 128. Son \u00e9panouissement se situe en fin du 2<sup>\u00e8me<\/sup>\u00a0si\u00e8cle, le 3<sup>\u00e8me<\/sup>\u00a0si\u00e8cle et le d\u00e9but du 4<sup>\u00e8me<\/sup>\u00a0si\u00e8cle.<\/span><\/p>\n<p style=\"text-align: justify;\"><span style=\"color: #000000;\">Une p\u00e9riode d\u2019instabilit\u00e9 a pouss\u00e9 la ville a se doter de remparts de 3500m. A l\u2019\u00e9poque islamique, le site a \u00e9t\u00e9 d\u00e9sert\u00e9 avec l\u2019\u00e9dification de la m\u00e9dina de Sfax.<\/span><\/p>\n<p style=\"text-align: justify;\"><span style=\"color: #000000;\"><strong>III.\u00a0Le classement de Thyna et ses abords et les principales fouilles\u00a0:<\/strong><\/span><\/p>\n<p style=\"text-align: justify;\"><span style=\"color: #000000;\">1904\u00a0: la d\u00e9couverte des thermes de la Rotonde connus par la grande mosa\u00efque circulaire du frigidarium avec les repr\u00e9sentations d\u2019Arion et de V\u00e9nus Anadyom\u00e8ne, on d\u00e9nombre aussi 60 m\u00e9daillons hexagonaux d\u00e9termin\u00e9s chacun par 6 poissons vari\u00e9s happant des oursins. Chaque m\u00e9daillon repr\u00e9sente une sc\u00e8ne mythologique.<\/span><\/p>\n<p style=\"text-align: justify;\"><span style=\"color: #000000;\">1<sup>er<\/sup>\u00a0Mars 1905\u00a0: les thermes priv\u00e9s pr\u00e8s de la route Sfax Gab\u00e8s<\/span><\/p>\n<p style=\"text-align: justify;\"><span style=\"color: #000000;\">13 Mars 1912\u00a0: les thermes des mois qui sont des thermes publics.<\/span><\/p>\n<p style=\"text-align: justify;\"><span style=\"color: #000000;\">Les tombeaux de la n\u00e9cropole romaine (pa\u00efenne) sont d\u00e9couverts par les fouilles de 1905 \u00e0 1910<\/span><\/p>\n<p style=\"text-align: justify;\"><span style=\"color: #000000;\">3 Mai 1920\u00a0: le mausol\u00e9e octogonal au 13 km de la route de Gab\u00e8s<\/span><\/p>\n<p style=\"text-align: justify;\"><span style=\"color: #000000;\">Porte de Tacape\u00a0: d\u00e9couverte en 1948<\/span><\/p>\n<p style=\"text-align: justify;\"><span style=\"color: #000000;\">Colombarium\u00a0: d\u00e9couverte en 1948<\/span><\/p>\n<p style=\"text-align: justify;\"><span style=\"color: #000000;\">Thermes du Pugiliste\u00a0 d\u00e9couverts en 1953<\/span><\/p>\n<p style=\"text-align: justify;\"><span style=\"color: #000000;\">Maison des fruits\u00a0 1954<\/span><\/p>\n<p style=\"text-align: justify;\"><span style=\"color: #000000;\">Porte de Taparura 1950<\/span><\/p>\n<p style=\"text-align: justify;\"><span style=\"color: #000000;\">Les remparts 1950<\/span><\/p>\n<p style=\"text-align: justify;\"><span style=\"color: #000000;\">Fouilles du cheval 1952<\/span><\/p>\n<p style=\"text-align: justify;\"><span style=\"color: #000000;\">Petits thermes\u00a0 d\u00e9couverts en 1955<\/span><\/p>\n<p style=\"text-align: justify;\"><span style=\"color: #000000;\">Maison de Dionysos\u00a0 d\u00e9couverte en\u00a01956<\/span><\/p>\n<p style=\"text-align: justify;\"><span style=\"color: #000000;\">Thermes des mois\u00a0 d\u00e9couverts en1960<\/span><\/p>\n<p style=\"text-align: justify;\"><span style=\"color: #000000;\">Maison de l\u2019oc\u00e9an\u00a0 d\u00e9couverte en 1960<\/span><\/p>\n<p style=\"text-align: justify;\"><span style=\"color: #000000;\">Latrines\u00a0 d\u00e9couvertes en 1960<\/span><\/p>\n<p style=\"text-align: justify;\"><span style=\"color: #000000;\">En outre, un ancien plan de l\u2019I.N.A.A signale d\u2019autres vestiges :<\/span><\/p>\n<p style=\"text-align: justify;\"><span style=\"color: #000000;\">Divers vestiges au sud-ouest de la n\u00e9cropole (pa\u00efenne) signal\u00e9s par M Fendri.<\/span><\/p>\n<p style=\"text-align: justify;\"><span style=\"color: #000000;\">La n\u00e9cropole chr\u00e9tienne devant la porte Taparura.<\/span><\/p>\n<p style=\"text-align: justify;\"><span style=\"color: #000000;\">Des vestiges entre les deux n\u00e9cropoles.<\/span><\/p>\n<p style=\"text-align: justify;\"><span style=\"color: #000000;\">Les fouilles de l\u2019\u00e9l\u00e9phant<\/span><\/p>\n<p style=\"text-align: justify;\"><span style=\"color: #000000;\">La maison romaine<\/span><\/p>\n<p style=\"text-align: justify;\"><span style=\"color: #000000;\">Le mausol\u00e9e (au nord-est de la porte de Tacape)<\/span><\/p>\n<p style=\"text-align: justify;\"><span style=\"color: #000000;\">Une porte dans la partie sud-ouest des remparts (qui doit donner sur la mer).<\/span><\/p>\n<p style=\"text-align: justify;\"><span style=\"color: #000000;\">Les vestiges de l\u2019ancien port punique<\/span><\/p>\n<p style=\"text-align: justify;\"><a href=\"https:\/\/i0.wp.com\/archeologiechretienne.ive.org\/wp-content\/uploads\/2016\/01\/20160104_100916.jpg\" rel=\"attachment wp-att-403\"><img data-recalc-dims=\"1\" loading=\"lazy\" decoding=\"async\" class=\"alignnone size-large wp-image-403\" src=\"https:\/\/i0.wp.com\/archeologiechretienne.ive.org\/wp-content\/uploads\/2016\/01\/20160104_100916.jpg?resize=980%2C588\" alt=\"thyna archeologie chretienne\" width=\"980\" height=\"588\" srcset=\"https:\/\/i0.wp.com\/archeologiechretienne.ive.org\/wp-content\/uploads\/2016\/01\/20160104_100916.jpg?resize=1024%2C614 1024w, https:\/\/i0.wp.com\/archeologiechretienne.ive.org\/wp-content\/uploads\/2016\/01\/20160104_100916.jpg?resize=300%2C180 300w, https:\/\/i0.wp.com\/archeologiechretienne.ive.org\/wp-content\/uploads\/2016\/01\/20160104_100916.jpg?resize=768%2C461 768w, https:\/\/i0.wp.com\/archeologiechretienne.ive.org\/wp-content\/uploads\/2016\/01\/20160104_100916.jpg?resize=250%2C150 250w, https:\/\/i0.wp.com\/archeologiechretienne.ive.org\/wp-content\/uploads\/2016\/01\/20160104_100916.jpg?resize=150%2C90 150w, https:\/\/i0.wp.com\/archeologiechretienne.ive.org\/wp-content\/uploads\/2016\/01\/20160104_100916.jpg?w=1960 1960w\" sizes=\"auto, (max-width: 980px) 100vw, 980px\" \/><\/a><\/p>\n<p style=\"text-align: center;\"><span style=\"color: #000000;\"><strong>Les principaux monuments<br \/>\n<\/strong><\/span><\/p>\n<p style=\"text-align: justify;\"><span style=\"color: #000000;\">Les principaux monuments qu\u2019on peut voir aujourd\u2019hui (Janvier 2016)\u00a0:<\/span><\/p>\n<p style=\"text-align: justify;\"><span style=\"color: #000000;\"><strong>1)\u00a0\u00a0\u00a0\u00a0\u00a0\u00a0Les remparts\u00a0: <\/strong>Le trac\u00e9 est tr\u00e8s irr\u00e9gulier. Des bastions semi cylindriques sont accol\u00e9s aux remparts ou prolong\u00e9s par une partie rectangulaire en traversant les remparts. La longueur des murailles est de 3500m environ. La surface intra-muros est proche de 70 Ha.<\/span><\/p>\n<p style=\"text-align: justify;\"><span style=\"color: #000000;\"><strong>2)\u00a0\u00a0\u00a0\u00a0\u00a0\u00a0Les thermes des mois\u00a0: <\/strong>Mr Fendri a donn\u00e9 le nom \u00e0 ces thermes suite \u00e0 la pr\u00e9sence d\u2019une mosa\u00efque qui pr\u00e9sente les quatre mois\u00a0: Janvier, F\u00e9vrier, D\u00e9cembre et Avril. Ces thermes sont caract\u00e9ris\u00e9s par une conservation exceptionnelle. Cette conservation a permis de d\u00e9terminer les espaces caract\u00e9ristiques des thermes romains (frigidarium, tepidarium caldarium, palestre, sanitaire\u2026). Les parois de 2\/3 de l\u2019\u00e9difice s\u2019\u00e9l\u00e8vent de 3 \u00e0 5m. On note la pr\u00e9sence des murs \u00e9pais \u00e9quip\u00e9s de chemin\u00e9es et d\u2019\u00e9l\u00e9ments de terre cuite permettant de conserver une temp\u00e9rature int\u00e9rieure d\u00e9sir\u00e9e. Des bassins r\u00e9servoirs et une citerne alimentent les thermes en eau. Les fen\u00eatres ont \u00e9t\u00e9 ferm\u00e9es par des plages de gypse translucide de 3 \u00e0 4cm d\u2019\u00e9paisseur pour \u00e9clairer les salles et sans perdre de chaleur. Les parois des salles d\u2019eau \u00e9taient rev\u00eatues de marbre polychrome. Le pavement des thermes \u00e9taient enti\u00e8rement fait de mosa\u00efque en marbre \u00e0 d\u00e9cor g\u00e9om\u00e9trique floral.<\/span><\/p>\n<p style=\"text-align: justify;\"><a href=\"https:\/\/i0.wp.com\/archeologiechretienne.ive.org\/wp-content\/uploads\/2016\/01\/20160104_094140.jpg\" rel=\"attachment wp-att-395\"><img data-recalc-dims=\"1\" loading=\"lazy\" decoding=\"async\" class=\"alignnone wp-image-395 size-full\" src=\"https:\/\/i0.wp.com\/archeologiechretienne.ive.org\/wp-content\/uploads\/2016\/01\/20160104_094140.jpg?resize=980%2C588\" alt=\"thyna thermes de mois\" width=\"980\" height=\"588\" srcset=\"https:\/\/i0.wp.com\/archeologiechretienne.ive.org\/wp-content\/uploads\/2016\/01\/20160104_094140.jpg?w=2560 2560w, https:\/\/i0.wp.com\/archeologiechretienne.ive.org\/wp-content\/uploads\/2016\/01\/20160104_094140.jpg?resize=300%2C180 300w, https:\/\/i0.wp.com\/archeologiechretienne.ive.org\/wp-content\/uploads\/2016\/01\/20160104_094140.jpg?resize=768%2C461 768w, https:\/\/i0.wp.com\/archeologiechretienne.ive.org\/wp-content\/uploads\/2016\/01\/20160104_094140.jpg?resize=1024%2C614 1024w, https:\/\/i0.wp.com\/archeologiechretienne.ive.org\/wp-content\/uploads\/2016\/01\/20160104_094140.jpg?resize=250%2C150 250w, https:\/\/i0.wp.com\/archeologiechretienne.ive.org\/wp-content\/uploads\/2016\/01\/20160104_094140.jpg?resize=150%2C90 150w, https:\/\/i0.wp.com\/archeologiechretienne.ive.org\/wp-content\/uploads\/2016\/01\/20160104_094140.jpg?w=1960 1960w\" sizes=\"auto, (max-width: 980px) 100vw, 980px\" \/><\/a> <a href=\"https:\/\/i0.wp.com\/archeologiechretienne.ive.org\/wp-content\/uploads\/2016\/01\/20160104_094733.jpg\" rel=\"attachment wp-att-396\"><img data-recalc-dims=\"1\" loading=\"lazy\" decoding=\"async\" class=\"alignnone size-full wp-image-396\" src=\"https:\/\/i0.wp.com\/archeologiechretienne.ive.org\/wp-content\/uploads\/2016\/01\/20160104_094733.jpg?resize=980%2C588\" alt=\"20160104_094733\" width=\"980\" height=\"588\" srcset=\"https:\/\/i0.wp.com\/archeologiechretienne.ive.org\/wp-content\/uploads\/2016\/01\/20160104_094733.jpg?w=2560 2560w, https:\/\/i0.wp.com\/archeologiechretienne.ive.org\/wp-content\/uploads\/2016\/01\/20160104_094733.jpg?resize=300%2C180 300w, https:\/\/i0.wp.com\/archeologiechretienne.ive.org\/wp-content\/uploads\/2016\/01\/20160104_094733.jpg?resize=768%2C461 768w, https:\/\/i0.wp.com\/archeologiechretienne.ive.org\/wp-content\/uploads\/2016\/01\/20160104_094733.jpg?resize=1024%2C614 1024w, https:\/\/i0.wp.com\/archeologiechretienne.ive.org\/wp-content\/uploads\/2016\/01\/20160104_094733.jpg?resize=250%2C150 250w, https:\/\/i0.wp.com\/archeologiechretienne.ive.org\/wp-content\/uploads\/2016\/01\/20160104_094733.jpg?resize=150%2C90 150w, https:\/\/i0.wp.com\/archeologiechretienne.ive.org\/wp-content\/uploads\/2016\/01\/20160104_094733.jpg?w=1960 1960w\" sizes=\"auto, (max-width: 980px) 100vw, 980px\" \/><\/a> <a href=\"https:\/\/i0.wp.com\/archeologiechretienne.ive.org\/wp-content\/uploads\/2016\/01\/20160104_094746.jpg\" rel=\"attachment wp-att-397\"><img data-recalc-dims=\"1\" loading=\"lazy\" decoding=\"async\" class=\"alignnone size-full wp-image-397\" src=\"https:\/\/i0.wp.com\/archeologiechretienne.ive.org\/wp-content\/uploads\/2016\/01\/20160104_094746.jpg?resize=980%2C588\" alt=\"20160104_094746\" width=\"980\" height=\"588\" srcset=\"https:\/\/i0.wp.com\/archeologiechretienne.ive.org\/wp-content\/uploads\/2016\/01\/20160104_094746.jpg?w=2560 2560w, https:\/\/i0.wp.com\/archeologiechretienne.ive.org\/wp-content\/uploads\/2016\/01\/20160104_094746.jpg?resize=300%2C180 300w, https:\/\/i0.wp.com\/archeologiechretienne.ive.org\/wp-content\/uploads\/2016\/01\/20160104_094746.jpg?resize=768%2C461 768w, https:\/\/i0.wp.com\/archeologiechretienne.ive.org\/wp-content\/uploads\/2016\/01\/20160104_094746.jpg?resize=1024%2C614 1024w, https:\/\/i0.wp.com\/archeologiechretienne.ive.org\/wp-content\/uploads\/2016\/01\/20160104_094746.jpg?resize=250%2C150 250w, https:\/\/i0.wp.com\/archeologiechretienne.ive.org\/wp-content\/uploads\/2016\/01\/20160104_094746.jpg?resize=150%2C90 150w, https:\/\/i0.wp.com\/archeologiechretienne.ive.org\/wp-content\/uploads\/2016\/01\/20160104_094746.jpg?w=1960 1960w\" sizes=\"auto, (max-width: 980px) 100vw, 980px\" \/><\/a> <a href=\"https:\/\/i0.wp.com\/archeologiechretienne.ive.org\/wp-content\/uploads\/2016\/01\/20160104_094939.jpg\" rel=\"attachment wp-att-398\"><img data-recalc-dims=\"1\" loading=\"lazy\" decoding=\"async\" class=\"alignnone size-full wp-image-398\" src=\"https:\/\/i0.wp.com\/archeologiechretienne.ive.org\/wp-content\/uploads\/2016\/01\/20160104_094939.jpg?resize=980%2C588\" alt=\"20160104_094939\" width=\"980\" height=\"588\" srcset=\"https:\/\/i0.wp.com\/archeologiechretienne.ive.org\/wp-content\/uploads\/2016\/01\/20160104_094939.jpg?w=2560 2560w, https:\/\/i0.wp.com\/archeologiechretienne.ive.org\/wp-content\/uploads\/2016\/01\/20160104_094939.jpg?resize=300%2C180 300w, https:\/\/i0.wp.com\/archeologiechretienne.ive.org\/wp-content\/uploads\/2016\/01\/20160104_094939.jpg?resize=768%2C461 768w, https:\/\/i0.wp.com\/archeologiechretienne.ive.org\/wp-content\/uploads\/2016\/01\/20160104_094939.jpg?resize=1024%2C614 1024w, https:\/\/i0.wp.com\/archeologiechretienne.ive.org\/wp-content\/uploads\/2016\/01\/20160104_094939.jpg?resize=250%2C150 250w, https:\/\/i0.wp.com\/archeologiechretienne.ive.org\/wp-content\/uploads\/2016\/01\/20160104_094939.jpg?resize=150%2C90 150w, https:\/\/i0.wp.com\/archeologiechretienne.ive.org\/wp-content\/uploads\/2016\/01\/20160104_094939.jpg?w=1960 1960w\" sizes=\"auto, (max-width: 980px) 100vw, 980px\" \/><\/a> <a href=\"https:\/\/i0.wp.com\/archeologiechretienne.ive.org\/wp-content\/uploads\/2016\/01\/20160104_094941.jpg\" rel=\"attachment wp-att-399\"><img data-recalc-dims=\"1\" loading=\"lazy\" decoding=\"async\" class=\"alignnone size-full wp-image-399\" src=\"https:\/\/i0.wp.com\/archeologiechretienne.ive.org\/wp-content\/uploads\/2016\/01\/20160104_094941.jpg?resize=980%2C588\" alt=\"20160104_094941\" width=\"980\" height=\"588\" srcset=\"https:\/\/i0.wp.com\/archeologiechretienne.ive.org\/wp-content\/uploads\/2016\/01\/20160104_094941.jpg?w=2560 2560w, https:\/\/i0.wp.com\/archeologiechretienne.ive.org\/wp-content\/uploads\/2016\/01\/20160104_094941.jpg?resize=300%2C180 300w, https:\/\/i0.wp.com\/archeologiechretienne.ive.org\/wp-content\/uploads\/2016\/01\/20160104_094941.jpg?resize=768%2C461 768w, https:\/\/i0.wp.com\/archeologiechretienne.ive.org\/wp-content\/uploads\/2016\/01\/20160104_094941.jpg?resize=1024%2C614 1024w, https:\/\/i0.wp.com\/archeologiechretienne.ive.org\/wp-content\/uploads\/2016\/01\/20160104_094941.jpg?resize=250%2C150 250w, https:\/\/i0.wp.com\/archeologiechretienne.ive.org\/wp-content\/uploads\/2016\/01\/20160104_094941.jpg?resize=150%2C90 150w, https:\/\/i0.wp.com\/archeologiechretienne.ive.org\/wp-content\/uploads\/2016\/01\/20160104_094941.jpg?w=1960 1960w\" sizes=\"auto, (max-width: 980px) 100vw, 980px\" \/><\/a><\/p>\n<p style=\"text-align: justify;\"><span style=\"color: #000000;\"><strong>3)\u00a0\u00a0\u00a0\u00a0\u00a0\u00a0La maison de Dionysos\u00a0: <\/strong>Elle se situe an Nord Est des thermes des mois, son nom est en r\u00e9f\u00e9rence \u00e0 une fresque (provenant d\u2019un plafond) ou a \u00e9t\u00e9 repr\u00e9sent\u00e9 Dionysos sur une panth\u00e8re (mus\u00e9e Bardo). C\u2019est une maison \u00e0 p\u00e9ristyle incomplet ne comportant que 3 portiques\u00a0: deux d\u2019entre eux se prolongent par 2 couloirs encadrant la, salle \u00e0 manger(le triclinium). Toutes les salles \u00e9taient pav\u00e9es de mosa\u00efques dont certaines sont expos\u00e9es dans le mus\u00e9e arch\u00e9ologique de Sfax. Le triclinium\u00a0: son tapis central est d\u00e9cor\u00e9 d\u2019une composition de couronnes de vigne et d\u2019acanthe aux couleurs chatoyantes. Ces types de couronnes semblent caract\u00e9ristiques des ateliers de Thyna.<\/span><\/p>\n<p style=\"text-align: justify;\"><a href=\"https:\/\/i0.wp.com\/archeologiechretienne.ive.org\/wp-content\/uploads\/2016\/01\/20160104_095552.jpg\" rel=\"attachment wp-att-400\"><img data-recalc-dims=\"1\" loading=\"lazy\" decoding=\"async\" class=\"alignnone size-large wp-image-400\" src=\"https:\/\/i0.wp.com\/archeologiechretienne.ive.org\/wp-content\/uploads\/2016\/01\/20160104_095552.jpg?resize=980%2C588\" alt=\"thyna archeologie chretienne\" width=\"980\" height=\"588\" srcset=\"https:\/\/i0.wp.com\/archeologiechretienne.ive.org\/wp-content\/uploads\/2016\/01\/20160104_095552.jpg?resize=1024%2C614 1024w, https:\/\/i0.wp.com\/archeologiechretienne.ive.org\/wp-content\/uploads\/2016\/01\/20160104_095552.jpg?resize=300%2C180 300w, https:\/\/i0.wp.com\/archeologiechretienne.ive.org\/wp-content\/uploads\/2016\/01\/20160104_095552.jpg?resize=768%2C461 768w, https:\/\/i0.wp.com\/archeologiechretienne.ive.org\/wp-content\/uploads\/2016\/01\/20160104_095552.jpg?resize=250%2C150 250w, https:\/\/i0.wp.com\/archeologiechretienne.ive.org\/wp-content\/uploads\/2016\/01\/20160104_095552.jpg?resize=150%2C90 150w, https:\/\/i0.wp.com\/archeologiechretienne.ive.org\/wp-content\/uploads\/2016\/01\/20160104_095552.jpg?w=1960 1960w\" sizes=\"auto, (max-width: 980px) 100vw, 980px\" \/><\/a><\/p>\n<p style=\"text-align: justify;\"><span style=\"color: #000000;\"><strong>4) Les petits thermes partiellement\u00a0 d\u00e9gag\u00e9s au Nord des thermes des mois<\/strong><\/span><\/p>\n<p style=\"text-align: justify;\"><span style=\"color: #000000;\"><strong>5) La n\u00e9cropole\u00a0: Elle est class\u00e9e comme monument historique et rappelle celle de Pomp\u00e9i. <span style=\"text-decoration: underline;\"><em>Mais malheureusement cette derni\u00e8re (n\u00e9cropole chr\u00e9tienne et pa\u00efenne) a \u00e9t\u00e9 compl\u00e8tement d\u00e9truite \u00e0 cause des travaux agricoles sur le terrain.<\/em><\/span> Autre fois on notait la pr\u00e9sence de quelques t\u00e9moignages (mosa\u00efques fun\u00e9raires, urnes en verre, cippes peints\u2026) aujourd\u2019hui conserv\u00e9s dans le mus\u00e9e arch\u00e9ologique de Sfax (en restauration). Il y avait une n\u00e9cropole pa\u00efenne\u00a0et une n\u00e9cropole chr\u00e9tienne dans le site. Quel dommage que tout cela soit disparu\u00a0!<\/strong><\/span><\/p>\n","protected":false},"excerpt":{"rendered":"<p>Thyna (\u0637\u064a\u0646\u0629), \u00e9galement orthographi\u00e9 Tyna ou Tina, est une ville tunisienne situ\u00e9e \u00e0 12 kilom\u00e8tres au sud de Sfax. L&rsquo;ancienne Thaenae constituait la cit\u00e9 la plus m\u00e9ridionale de la province romaine d&rsquo;Afrique et formait l&rsquo;une des extr\u00e9mit\u00e9s du limes \u2014 l&rsquo;autre \u00e9tant Thabraca au nord-ouest de la Tunisie au-del\u00e0 duquel \u2026<\/p>\n<p class=\"continue-reading-button\"> <a class=\"continue-reading-link\" href=\"http:\/\/archeologiechretienne.ive.org\/?p=394\">Continuer \u00e0 lire<i class=\"crycon-right-dir\"><\/i><\/a><\/p>\n","protected":false},"author":1,"featured_media":401,"comment_status":"open","ping_status":"open","sticky":false,"template":"","format":"standard","meta":{"jetpack_post_was_ever_published":false,"_jetpack_newsletter_access":"","_jetpack_dont_email_post_to_subs":false,"_jetpack_newsletter_tier_id":0,"_jetpack_memberships_contains_paywalled_content":false,"_jetpack_memberships_contains_paid_content":false,"footnotes":"","jetpack_publicize_message":"","jetpack_publicize_feature_enabled":true,"jetpack_social_post_already_shared":true,"jetpack_social_options":{"image_generator_settings":{"template":"highway","default_image_id":0,"font":"","enabled":false},"version":2}},"categories":[62],"tags":[27,56,125,124,6],"class_list":["post-394","post","type-post","status-publish","format-standard","has-post-thumbnail","hentry","category-archeologie","tag-archeologie-chretienne","tag-art-chretien","tag-sfax","tag-thyna","tag-tunis"],"jetpack_publicize_connections":[],"jetpack_featured_media_url":"https:\/\/i0.wp.com\/archeologiechretienne.ive.org\/wp-content\/uploads\/2016\/01\/20160104_100858.jpg?fit=2560%2C1536","jetpack_sharing_enabled":true,"jetpack_shortlink":"https:\/\/wp.me\/p5FzU9-6m","_links":{"self":[{"href":"http:\/\/archeologiechretienne.ive.org\/index.php?rest_route=\/wp\/v2\/posts\/394","targetHints":{"allow":["GET"]}}],"collection":[{"href":"http:\/\/archeologiechretienne.ive.org\/index.php?rest_route=\/wp\/v2\/posts"}],"about":[{"href":"http:\/\/archeologiechretienne.ive.org\/index.php?rest_route=\/wp\/v2\/types\/post"}],"author":[{"embeddable":true,"href":"http:\/\/archeologiechretienne.ive.org\/index.php?rest_route=\/wp\/v2\/users\/1"}],"replies":[{"embeddable":true,"href":"http:\/\/archeologiechretienne.ive.org\/index.php?rest_route=%2Fwp%2Fv2%2Fcomments&post=394"}],"version-history":[{"count":1,"href":"http:\/\/archeologiechretienne.ive.org\/index.php?rest_route=\/wp\/v2\/posts\/394\/revisions"}],"predecessor-version":[{"id":404,"href":"http:\/\/archeologiechretienne.ive.org\/index.php?rest_route=\/wp\/v2\/posts\/394\/revisions\/404"}],"wp:featuredmedia":[{"embeddable":true,"href":"http:\/\/archeologiechretienne.ive.org\/index.php?rest_route=\/wp\/v2\/media\/401"}],"wp:attachment":[{"href":"http:\/\/archeologiechretienne.ive.org\/index.php?rest_route=%2Fwp%2Fv2%2Fmedia&parent=394"}],"wp:term":[{"taxonomy":"category","embeddable":true,"href":"http:\/\/archeologiechretienne.ive.org\/index.php?rest_route=%2Fwp%2Fv2%2Fcategories&post=394"},{"taxonomy":"post_tag","embeddable":true,"href":"http:\/\/archeologiechretienne.ive.org\/index.php?rest_route=%2Fwp%2Fv2%2Ftags&post=394"}],"curies":[{"name":"wp","href":"https:\/\/api.w.org\/{rel}","templated":true}]}}