{"id":561,"date":"2016-09-16T09:27:17","date_gmt":"2016-09-16T09:27:17","guid":{"rendered":"http:\/\/archeologiechretienne.ive.org\/?p=561"},"modified":"2016-09-16T09:27:17","modified_gmt":"2016-09-16T09:27:17","slug":"croix-de-sbeitla-sufetula-tunisie","status":"publish","type":"post","link":"http:\/\/archeologiechretienne.ive.org\/?p=561","title":{"rendered":"CROIX DE SBEITLA (Sufetula) TUNISIE"},"content":{"rendered":"<p style=\"text-align: justify;\"><a href=\"https:\/\/i0.wp.com\/archeologiechretienne.ive.org\/wp-content\/uploads\/2016\/09\/Croix-Sbeitla.png\"><img data-recalc-dims=\"1\" loading=\"lazy\" decoding=\"async\" class=\"alignnone size-full wp-image-564\" src=\"https:\/\/i0.wp.com\/archeologiechretienne.ive.org\/wp-content\/uploads\/2016\/09\/Croix-Sbeitla.png?resize=931%2C705\" alt=\"croix-sbeitla Tunisie\" width=\"931\" height=\"705\" srcset=\"https:\/\/i0.wp.com\/archeologiechretienne.ive.org\/wp-content\/uploads\/2016\/09\/Croix-Sbeitla.png?w=931 931w, https:\/\/i0.wp.com\/archeologiechretienne.ive.org\/wp-content\/uploads\/2016\/09\/Croix-Sbeitla.png?resize=300%2C227 300w, https:\/\/i0.wp.com\/archeologiechretienne.ive.org\/wp-content\/uploads\/2016\/09\/Croix-Sbeitla.png?resize=768%2C582 768w, https:\/\/i0.wp.com\/archeologiechretienne.ive.org\/wp-content\/uploads\/2016\/09\/Croix-Sbeitla.png?resize=198%2C150 198w, https:\/\/i0.wp.com\/archeologiechretienne.ive.org\/wp-content\/uploads\/2016\/09\/Croix-Sbeitla.png?resize=150%2C114 150w\" sizes=\"auto, (max-width: 931px) 100vw, 931px\" \/><\/a><\/p>\n<p style=\"text-align: justify;\"><span style=\"color: #000000;\">Nous voulons pr\u00e9senter de fa\u00e7on simple cette belle mosa\u00efque chr\u00e9tienne dite <em>\u00ab\u00a0Croix de Sbe\u00eftla\u00a0\u00bb.<\/em> Pourquoi\u00a0s\u2019appelle-t-elle \u00ab\u00a0de Sbe\u00eftla\u00a0\u00bb? Parce qu\u2019elle a \u00e9t\u00e9 trouv\u00e9e dans une basilique chr\u00e9tienne de campagne \u00e0 Henchir Ali Ben Rzal, proche du site arch\u00e9ologique de Sbe\u00eftla au sud de la Tunisie. Sbe\u00eftla est l\u2019ancienne Sufetula, voil\u00e0 pourquoi cette croix est aussi connue sous le nom de \u00ab\u00a0Croix de Sufetula\u00a0\u00bb. Mais la nomination vienne plut\u00f4t par la proximit\u00e9 au site arch\u00e9ologique, qui est d\u2019ailleurs, tr\u00e8s connu de touristes. En plus, elle n\u2019est pas au mus\u00e9e du Bardo, mais au mus\u00e9e de Sbe\u00eftla dans le site arch\u00e9ologique lui-m\u00eame.<\/span><\/p>\n<p style=\"text-align: justify;\"><span style=\"color: #000000;\">Je n\u2019ai pas encore trouv\u00e9 un document qui puisse confirmer mon opinion sur sa position dans la Basilique\u00a0: \u00e0 mon avis elle peut faire partie du fond d\u2019un baptist\u00e8re ou de la chapelle de bapt\u00eame comme c\u2019est le cas pour les mosa\u00efques chr\u00e9tiennes trouv\u00e9es \u00e0 Sbe\u00eftla\u00a0; ou bien elle \u00e9tait plac\u00e9e dans la nef centrale de la Basilique.<\/span><\/p>\n<p style=\"text-align: justify;\"><span style=\"color: #000000;\">Cette mosa\u00efque, par sa forme, vivacit\u00e9 et par ses couleurs appartienne \u00e0 l\u2019\u00e9poque byzantine. En effet elle respecte le m\u00eame style des mosa\u00efques trouv\u00e9es \u00e0 Sbe\u00eftla qui datent toutes de l\u2019\u00e9poque byzantine. C\u2019est-\u00e0-dire qu\u2019elle doit \u00eatre dat\u00e9e \u00e0 peu pr\u00e9s au VI\u00e8me si\u00e8cle.<\/span><\/p>\n<p style=\"text-align: justify;\"><span style=\"color: #000000;\">Caract\u00e9ristiques de cette croix: <strong>Chrisme-croix monogrammatique patt\u00e9e<\/strong>.<\/span><\/p>\n<p style=\"text-align: justify;\"><span style=\"color: #000000;\"><strong>CROIX MONOGRAMMATIQUE :<\/strong> c&rsquo;est la terminologie la plus fr\u00e9quente, et donc \u00e0 retenir. Mais on dit \u00e9galement: croix monogramm\u00e9e, croix constantinienne et monogramme cruciforme. Ce dernier terme laisse entendre que d&rsquo;aucuns pourraient consid\u00e9rer ce type comme un monogramme et non une croix; mais Jean Baptiste de Rossi, arch\u00e9ologue de Rome, a bien fourni la preuve qu&rsquo;il \u00e9tait consid\u00e9r\u00e9 en son temps comme une figuration de la croix.<\/span><\/p>\n<p style=\"text-align: justify;\"><span style=\"color: #000000;\">Donc la croix monogrammatique est une combinaison graphique o\u00f9 la croix, latine surtout, grecque parfois et \u00e9ventuellement en tau, occupe une place pr\u00e9pond\u00e9rante, avec le <strong>chrisme<\/strong> qui se r\u00e9duit \u00e0 la seule boucle de la lettre P, ou \u00e0 celle du R qui correspond au chrisme latinis\u00e9 accompagn\u00e9 des lettres \u03b1 et \u03c9. Ces lettres, qui encadrent l&rsquo;alphabet grec, symbolisent la totalit\u00e9\u00a0: le commencement et la fin. Par ailleurs, le verbe grec ainsi form\u00e9, \u1f04\u03c1\u03c7\u03c9, signifie \u00ab\u00a0diriger, aller en t\u00eate, commencer\u00a0\u00bb et renvoie \u00e0 la double caract\u00e9risation de J\u00e9sus-Christ\u00a0: fondateur et premier chef de l&rsquo;\u00c9glise chr\u00e9tienne naissante. La boucle de la lettre P, peut \u00eatre figur\u00e9e \u00e0 droite comme \u00e0 gauche de la branche sup\u00e9rieure de la croix, voire m\u00eame \u00e0 la fois \u00e0 droite et \u00e0 gauche sur des types tardifs dans une intention, bien s\u00fbr, purement d\u00e9corative.<\/span><\/p>\n<p style=\"text-align: justify;\"><span style=\"color: #000000;\"><strong>CROIX PATTEE\u00a0:<\/strong> est un type de croix dont les bras sont \u00e9troits au niveau du centre et larges \u00e0 la p\u00e9riph\u00e9rie, le nom venant du fait que les bras de la croix font penser \u00e0 des pattes.<\/span><\/p>\n<p style=\"text-align: center;\"><a href=\"https:\/\/i0.wp.com\/archeologiechretienne.ive.org\/wp-content\/uploads\/2016\/09\/20160906_104343.jpg\"><img data-recalc-dims=\"1\" loading=\"lazy\" decoding=\"async\" class=\"wp-image-562 aligncenter\" src=\"https:\/\/i0.wp.com\/archeologiechretienne.ive.org\/wp-content\/uploads\/2016\/09\/20160906_104343.jpg?resize=652%2C729\" alt=\"Croix de Sbaitla Tunisie\" width=\"652\" height=\"729\" srcset=\"https:\/\/i0.wp.com\/archeologiechretienne.ive.org\/wp-content\/uploads\/2016\/09\/20160906_104343.jpg?resize=915%2C1024 915w, https:\/\/i0.wp.com\/archeologiechretienne.ive.org\/wp-content\/uploads\/2016\/09\/20160906_104343.jpg?resize=268%2C300 268w, https:\/\/i0.wp.com\/archeologiechretienne.ive.org\/wp-content\/uploads\/2016\/09\/20160906_104343.jpg?resize=768%2C860 768w, https:\/\/i0.wp.com\/archeologiechretienne.ive.org\/wp-content\/uploads\/2016\/09\/20160906_104343.jpg?resize=134%2C150 134w, https:\/\/i0.wp.com\/archeologiechretienne.ive.org\/wp-content\/uploads\/2016\/09\/20160906_104343.jpg?w=1527 1527w\" sizes=\"auto, (max-width: 652px) 100vw, 652px\" \/><\/a><span style=\"color: #000000;\">(Copie de la Croix de Sbe\u00eftla \u00e0 la Cath\u00e9drale de Tunis)<\/span><\/p>\n<p style=\"text-align: justify;\"><span style=\"color: #000000;\">Finalement, je transcris la vision de l\u2019empereur Constantin qui donne origine \u00e0 la croix ou chrisme monogrammatique\u00a0:<\/span><\/p>\n<p style=\"text-align: justify;\"><span style=\"color: #000000;\">\u00ab\u00a0Comme il \u00e9tait persuad\u00e9 qu&rsquo;il avait besoin d&rsquo;une puissance plus consid\u00e9rable et plus invincible que celle des arm\u00e9es, pour dissiper les illusions de la magie dans lesquelles Maxence mettait sa principale confiance, il eut recours \u00e0 la protection de Dieu. Apr\u00e8s avoir longtemps m\u00e9dit\u00e9 toutes ces raisons, il jugea que c&rsquo;\u00e9tait la derni\u00e8re de toutes les extravagances d&rsquo;adorer des Idoles, de la faiblesse et du n\u00e9ant desquelles il avait des preuves si convaincantes, et il se r\u00e9solut d&rsquo;adorer le Dieu de Constance son p\u00e8re.<\/span><\/p>\n<p style=\"text-align: justify;\"><span style=\"color: #000000;\">Constantin implora la protection de ce Dieu, le pria de se faire conna\u00eetre \u00e0 lui, et de l&rsquo;assister dans l&rsquo;\u00e9tat o\u00f9 se trouvaient ses affaires. Pendant qu&rsquo;il faisait cette pri\u00e8re, il eut une merveilleuse vision, et qui para\u00eetrait peut-\u00eatre incroyable, si elle \u00e9tait rapport\u00e9e par un autre. Mais personne ne doit faire difficult\u00e9 de la croire, puisque ce Prince me l&rsquo;a racont\u00e9e lui-m\u00eame longtemps depuis, lorsque j&rsquo;ai eu l&rsquo;honneur d&rsquo;entrer dans\u00a0ses bonnes gr\u00e2ces, et que l&rsquo;\u00e9v\u00e9nement en a confirm\u00e9 la v\u00e9rit\u00e9. Il assurait qu&rsquo;il avait vu en plein midi une croix lumineuse avec cette inscription. <em><strong>\u00ab\u00a0IN HOC SIGNO VINCES\u00a0\u00bb\u00a0: VAINQUEZ A LA FAVEUR DE CE SIGNE<\/strong><\/em>, et qu&rsquo;il fut extr\u00eamement \u00e9tonn\u00e9 de ce spectacle, de m\u00eame que ses soldats qui le suivaient.<\/span><\/p>\n<p style=\"text-align: justify;\"><span style=\"color: #000000;\">Cette vision fit une si sorte impression dans l&rsquo;esprit de Constantin qu&rsquo;il en \u00e9tait encore tout occup\u00e9 la nuit suivante. Durant son sommeil le Sauveur lui apparut avec le m\u00eame signe qu&rsquo;il lui avait montr\u00e9 en l&rsquo;air durant le jour, et lui commanda de faire un Etendard de la m\u00eame forme, et de le porter dans les combats pour se garantir du danger. Constantin s&rsquo;\u00e9tant lev\u00e9 d\u00e8s la pointe du jour raconta \u00e0 ses amis le songe qu&rsquo;il avait eu, et ayant envoy\u00e9 qu\u00e9rir des Orf\u00e8vres, et des Lapidaires, il s&rsquo;assit au milieu d&rsquo;eux, leur proposa le dessein et la figure du signe qu&rsquo;il avait vu, et leur commanda d&rsquo;en faire un semblable, enrichi d&rsquo;or, et de pierreries\u00a0\u00bb. <em>(Saint Eus\u00e8be de C\u00e9sar\u00e9e, \u00ab\u00a0La vie de l\u2019empereur Constantin\u00a0\u00bb, L.1, cp. XXVII \u00e0 XXX).<\/em><\/span><\/p>\n<p style=\"text-align: justify;\"><img data-recalc-dims=\"1\" loading=\"lazy\" decoding=\"async\" class=\"alignright\" src=\"https:\/\/i0.wp.com\/cahierslibres.fr\/wp-content\/uploads\/2013\/12\/Vision-de-Constantin.jpg?resize=436%2C291\" alt=\"http:\/\/cahierslibres.fr\/wp-content\/uploads\/2013\/12\/Vision-de-Constantin.jpg\" width=\"436\" height=\"291\" \/><\/p>\n<p style=\"text-align: justify;\"><span style=\"color: #000000;\">Lactance, tunisien d\u2019origine, affirme aussi que Constantin d\u00e9crit le symbole comme \u00e9tant en forme de lettre X travers\u00e9e par la lettre I recourb\u00e9e \u00e0 sa partie sup\u00e9rieure. Toujours selon Lactance, c\u2019est ce signe que Dieu aurait ordonn\u00e9 \u00e0 Constantin de mettre sur les boucliers de ses soldats. Ce t\u00e9moignage est confirm\u00e9 par l\u2019arch\u00e9ologie et les textes post\u00e9rieurs qui nous donnent les diff\u00e9rentes interpr\u00e9tations de ce signe de Dieu, sous le nom de <em>Labarum<\/em>.<\/span><\/p>\n<p style=\"text-align: center;\"><strong>P. Silvio Moreno, IVE <\/strong><\/p>\n","protected":false},"excerpt":{"rendered":"<p>Nous voulons pr\u00e9senter de fa\u00e7on simple cette belle mosa\u00efque chr\u00e9tienne dite \u00ab\u00a0Croix de Sbe\u00eftla\u00a0\u00bb. Pourquoi\u00a0s\u2019appelle-t-elle \u00ab\u00a0de Sbe\u00eftla\u00a0\u00bb? Parce qu\u2019elle a \u00e9t\u00e9 trouv\u00e9e dans une basilique chr\u00e9tienne de campagne \u00e0 Henchir Ali Ben Rzal, proche du site arch\u00e9ologique de Sbe\u00eftla au sud de la Tunisie. Sbe\u00eftla est l\u2019ancienne Sufetula, voil\u00e0 pourquoi \u2026<\/p>\n<p class=\"continue-reading-button\"> <a class=\"continue-reading-link\" href=\"http:\/\/archeologiechretienne.ive.org\/?p=561\">Continuer \u00e0 lire<i class=\"crycon-right-dir\"><\/i><\/a><\/p>\n","protected":false},"author":1,"featured_media":564,"comment_status":"open","ping_status":"open","sticky":false,"template":"","format":"standard","meta":{"jetpack_post_was_ever_published":false,"_jetpack_newsletter_access":"","_jetpack_dont_email_post_to_subs":false,"_jetpack_newsletter_tier_id":0,"_jetpack_memberships_contains_paywalled_content":false,"_jetpack_memberships_contains_paid_content":false,"footnotes":"","jetpack_publicize_message":"","jetpack_publicize_feature_enabled":true,"jetpack_social_post_already_shared":true,"jetpack_social_options":{"image_generator_settings":{"template":"highway","default_image_id":0,"font":"","enabled":false},"version":2}},"categories":[98],"tags":[27,56,67,58,158],"class_list":["post-561","post","type-post","status-publish","format-standard","has-post-thumbnail","hentry","category-art-chretien","tag-archeologie-chretienne","tag-art-chretien","tag-carthage-chretienne","tag-cathedrale-de-tunis","tag-croix-sbeitla"],"jetpack_publicize_connections":[],"jetpack_featured_media_url":"https:\/\/i0.wp.com\/archeologiechretienne.ive.org\/wp-content\/uploads\/2016\/09\/Croix-Sbeitla.png?fit=931%2C705","jetpack_sharing_enabled":true,"jetpack_shortlink":"https:\/\/wp.me\/p5FzU9-93","_links":{"self":[{"href":"http:\/\/archeologiechretienne.ive.org\/index.php?rest_route=\/wp\/v2\/posts\/561","targetHints":{"allow":["GET"]}}],"collection":[{"href":"http:\/\/archeologiechretienne.ive.org\/index.php?rest_route=\/wp\/v2\/posts"}],"about":[{"href":"http:\/\/archeologiechretienne.ive.org\/index.php?rest_route=\/wp\/v2\/types\/post"}],"author":[{"embeddable":true,"href":"http:\/\/archeologiechretienne.ive.org\/index.php?rest_route=\/wp\/v2\/users\/1"}],"replies":[{"embeddable":true,"href":"http:\/\/archeologiechretienne.ive.org\/index.php?rest_route=%2Fwp%2Fv2%2Fcomments&post=561"}],"version-history":[{"count":2,"href":"http:\/\/archeologiechretienne.ive.org\/index.php?rest_route=\/wp\/v2\/posts\/561\/revisions"}],"predecessor-version":[{"id":566,"href":"http:\/\/archeologiechretienne.ive.org\/index.php?rest_route=\/wp\/v2\/posts\/561\/revisions\/566"}],"wp:featuredmedia":[{"embeddable":true,"href":"http:\/\/archeologiechretienne.ive.org\/index.php?rest_route=\/wp\/v2\/media\/564"}],"wp:attachment":[{"href":"http:\/\/archeologiechretienne.ive.org\/index.php?rest_route=%2Fwp%2Fv2%2Fmedia&parent=561"}],"wp:term":[{"taxonomy":"category","embeddable":true,"href":"http:\/\/archeologiechretienne.ive.org\/index.php?rest_route=%2Fwp%2Fv2%2Fcategories&post=561"},{"taxonomy":"post_tag","embeddable":true,"href":"http:\/\/archeologiechretienne.ive.org\/index.php?rest_route=%2Fwp%2Fv2%2Ftags&post=561"}],"curies":[{"name":"wp","href":"https:\/\/api.w.org\/{rel}","templated":true}]}}