{"id":793,"date":"2018-12-12T11:38:09","date_gmt":"2018-12-12T11:38:09","guid":{"rendered":"http:\/\/archeologiechretienne.ive.org\/?p=793"},"modified":"2019-02-05T21:45:54","modified_gmt":"2019-02-05T21:45:54","slug":"bibliographie-de-mon-etude-sur-perpetue-et-felicite","status":"publish","type":"post","link":"http:\/\/archeologiechretienne.ive.org\/?p=793","title":{"rendered":"BIBLIOGRAPHIE SUR PERPETUE ET FELICITE ET LEURS COMPAGNONS (\u00e9tude du P. Silvio Moreno)"},"content":{"rendered":"<p style=\"text-align: justify;\"><span style=\"color: #000000; font-size: 14pt;\">Voici chers amis pour ceux qui sont interess\u00e9s une liste non exhaustive de bibliographie \u00e0 consulter au sujet de la Passion de Perp\u00e9tue et F\u00e9licit\u00e9 et leurs compagnons qui a \u00e9t\u00e9 publi\u00e9e dans mon livret sur Perpetue et Felicit\u00e9 paru en F\u00e9vrier 2017.\u00a0\u00a0<\/span><\/p>\n<p><a href=\"https:\/\/i0.wp.com\/archeologiechretienne.ive.org\/wp-content\/uploads\/2018\/12\/18700744_1539580046074916_8752362809611695260_o.jpg\"><img data-recalc-dims=\"1\" loading=\"lazy\" decoding=\"async\" class=\"size-large wp-image-794 aligncenter\" src=\"https:\/\/i0.wp.com\/archeologiechretienne.ive.org\/wp-content\/uploads\/2018\/12\/18700744_1539580046074916_8752362809611695260_o.jpg?resize=980%2C652\" alt=\"\" width=\"980\" height=\"652\" srcset=\"https:\/\/i0.wp.com\/archeologiechretienne.ive.org\/wp-content\/uploads\/2018\/12\/18700744_1539580046074916_8752362809611695260_o.jpg?resize=1024%2C681 1024w, https:\/\/i0.wp.com\/archeologiechretienne.ive.org\/wp-content\/uploads\/2018\/12\/18700744_1539580046074916_8752362809611695260_o.jpg?resize=300%2C199 300w, https:\/\/i0.wp.com\/archeologiechretienne.ive.org\/wp-content\/uploads\/2018\/12\/18700744_1539580046074916_8752362809611695260_o.jpg?resize=768%2C510 768w, https:\/\/i0.wp.com\/archeologiechretienne.ive.org\/wp-content\/uploads\/2018\/12\/18700744_1539580046074916_8752362809611695260_o.jpg?resize=226%2C150 226w, https:\/\/i0.wp.com\/archeologiechretienne.ive.org\/wp-content\/uploads\/2018\/12\/18700744_1539580046074916_8752362809611695260_o.jpg?resize=150%2C100 150w, https:\/\/i0.wp.com\/archeologiechretienne.ive.org\/wp-content\/uploads\/2018\/12\/18700744_1539580046074916_8752362809611695260_o.jpg?w=2048 2048w, https:\/\/i0.wp.com\/archeologiechretienne.ive.org\/wp-content\/uploads\/2018\/12\/18700744_1539580046074916_8752362809611695260_o.jpg?w=1960 1960w\" sizes=\"auto, (max-width: 980px) 100vw, 980px\" \/><\/a><\/p>\n<p style=\"text-align: justify;\"><span style=\"color: #000000; font-size: 14pt;\"><strong>Texte de la Passio latine<\/strong><\/span><\/p>\n<p style=\"text-align: justify;\"><span style=\"color: #000000; font-size: 14pt;\">-C. van Beek, <em>Passio sanctarum Perpetuae et Felicitatis<\/em>, Nim\u00e8gue, 1936.<\/span><\/p>\n<p style=\"text-align: justify;\"><span style=\"color: #000000; font-size: 14pt;\">-Traduction dans A. Hamman, <em>Le geste du sang<\/em>, Paris, 1951, p. 70-86.<\/span><\/p>\n<p style=\"text-align: justify;\"><span style=\"color: #000000; font-size: 14pt;\">-V. Saxer, <em>Saints Anciens d\u2019Afrique du Nord<\/em>, Rome, 1979.<\/span><\/p>\n<p style=\"text-align: justify;\"><span style=\"color: #000000; font-size: 14pt;\">-B., Chenu et Alii, <em>Le livre des martyrs chr\u00e9tiens<\/em>, Paris, 1988, p. 68-81.<\/span><\/p>\n<p style=\"text-align: justify;\"><span style=\"color: #000000; font-size: 14pt;\">&#8211; A. Levin-Duplouy, <em>La Passion des Saintes Perp\u00e9tue et F\u00e9licit\u00e9, mars 203,<\/em> Tunis, 1954.<\/span><\/p>\n<p style=\"text-align: justify;\"><span style=\"color: #000000; font-size: 14pt;\"><strong>Etude de la <em>Passio latine<\/em> <\/strong><\/span><\/p>\n<p style=\"text-align: justify;\"><span style=\"color: #000000; font-size: 14pt;\">-P. Monceaux, <em>Histoire litt\u00e9raire de l\u2019Afrique chr\u00e9tienne<\/em>, I, Paris, 1901, p. 70-96.<\/span><\/p>\n<p style=\"text-align: justify;\"><span style=\"color: #000000; font-size: 14pt;\">-H. Leclercq, article <em>Perp\u00e9tue et F\u00e9licit\u00e9 (saintes)<\/em>, dans <em>Dictionnaire d\u2019arch\u00e9ologie et liturgie<\/em>, XIV, I, Paris, 1939, col. 393-444.<\/span><\/p>\n<p style=\"text-align: justify;\"><span style=\"color: #000000; font-size: 14pt;\">-L. Robert, <em>Une vision de Perp\u00e9tue martyre \u00e0 Carthage en 203<\/em>, dans <em>Comptes rendus de l\u2019Acad\u00e9mie des Inscriptions et Belles-Lettres<\/em>, Paris, 1982, p. 228-276\u00a0;<\/span><\/p>\n<p style=\"text-align: justify;\"><span style=\"color: #000000; font-size: 14pt;\">-Y. Duval., <em>\u00ab Loca sanctorum Africae \u00bb.<\/em> <em>Le culte des martyrs en Afrique du IV<\/em><em><sup>\u00e8me<\/sup><\/em><em> au VII<sup>\u00e8me<\/sup><\/em><em> si\u00e8cle<\/em> (Collection de l\u2019Ecole Fran\u00e7aise de Rome, 58), 2 vol., Rome, 1982 : pour Perp\u00e9tue et F\u00e9licit\u00e9, T, 7-10\u00a0; 13-20\u00a0; II, 682-683.<\/span><\/p>\n<p style=\"text-align: justify;\"><span style=\"color: #000000; font-size: 14pt;\">-J. Moreau, <em>Les pers\u00e9cutions du christianisme dans l\u2019Empire Romain<\/em>, Paris, 1956, p. 75-83.<\/span><\/p>\n<p style=\"text-align: justify;\"><span style=\"color: #000000; font-size: 14pt;\">-J. Amat, <em>Les martyrs de la Passion de Perp\u00e9tue et F\u00e9licit\u00e9<\/em>, \u00e9ditrice de la \u00ab <em>Passion de Perp\u00e9tue et F\u00e9licit\u00e9 \u00bb <\/em>in <a style=\"color: #000000;\" href=\"http:\/\/www.fraternite-sainte-perpetue.com\">www.fraternite-sainte-perpetue.com<\/a>. Cf. J. Amat, <em>Passion de Perp\u00e9tue et de F\u00e9licit\u00e9 suivi des Actes<\/em>, Paris, 1996.<\/span><\/p>\n<p style=\"text-align: justify;\"><span style=\"color: #000000; font-size: 14pt;\"><em>&#8211; \u00ab\u00a0<a style=\"color: #000000;\" href=\"http:\/\/www.sudoc.abes.fr\/DB=2.1\/SET=2\/TTL=1\/CLK?IKT=1016&amp;TRM=Le+latin+de+la+%22Passion+de+Perpe%CC%81tue+et+de+Fe%CC%81licite%CC%81%22\">Le<\/a><\/em><em><a style=\"color: #000000;\" href=\"http:\/\/www.sudoc.abes.fr\/DB=2.1\/SET=2\/TTL=1\/CLK?IKT=1016&amp;TRM=Le+latin+de+la+%22Passion+de+Perpe%CC%81tue+et+de+Fe%CC%81licite%CC%81%22\">\u00a0<\/a><a style=\"color: #000000;\" href=\"http:\/\/www.sudoc.abes.fr\/DB=2.1\/SET=2\/TTL=1\/CLK?IKT=1016&amp;TRM=Le+latin+de+la+%22Passion+de+Perpe%CC%81tue+et+de+Fe%CC%81licite%CC%81%22\">latin<\/a>\u00a0<a style=\"color: #000000;\" href=\"http:\/\/www.sudoc.abes.fr\/DB=2.1\/SET=2\/TTL=1\/CLK?IKT=1016&amp;TRM=Le+latin+de+la+%22Passion+de+Perpe%CC%81tue+et+de+Fe%CC%81licite%CC%81%22\">de<\/a><a style=\"color: #000000;\" href=\"http:\/\/www.sudoc.abes.fr\/DB=2.1\/SET=2\/TTL=1\/CLK?IKT=1016&amp;TRM=Le+latin+de+la+%22Passion+de+Perpe%CC%81tue+et+de+Fe%CC%81licite%CC%81%22\">\u00a0<\/a><a style=\"color: #000000;\" href=\"http:\/\/www.sudoc.abes.fr\/DB=2.1\/SET=2\/TTL=1\/CLK?IKT=1016&amp;TRM=Le+latin+de+la+%22Passion+de+Perpe%CC%81tue+et+de+Fe%CC%81licite%CC%81%22\">la<\/a> <a style=\"color: #000000;\" href=\"http:\/\/www.sudoc.abes.fr\/DB=2.1\/SET=2\/TTL=1\/CLK?IKT=1016&amp;TRM=Le+latin+de+la+%22Passion+de+Perpe%CC%81tue+et+de+Fe%CC%81licite%CC%81%22\">Passion<\/a><a style=\"color: #000000;\" href=\"http:\/\/www.sudoc.abes.fr\/DB=2.1\/SET=2\/TTL=1\/CLK?IKT=1016&amp;TRM=Le+latin+de+la+%22Passion+de+Perpe%CC%81tue+et+de+Fe%CC%81licite%CC%81%22\">\u00a0<\/a><a style=\"color: #000000;\" href=\"http:\/\/www.sudoc.abes.fr\/DB=2.1\/SET=2\/TTL=1\/CLK?IKT=1016&amp;TRM=Le+latin+de+la+%22Passion+de+Perpe%CC%81tue+et+de+Fe%CC%81licite%CC%81%22\">de<\/a><a style=\"color: #000000;\" href=\"http:\/\/www.sudoc.abes.fr\/DB=2.1\/SET=2\/TTL=1\/CLK?IKT=1016&amp;TRM=Le+latin+de+la+%22Passion+de+Perpe%CC%81tue+et+de+Fe%CC%81licite%CC%81%22\">\u00a0<\/a><a style=\"color: #000000;\" href=\"http:\/\/www.sudoc.abes.fr\/DB=2.1\/SET=2\/TTL=1\/CLK?IKT=1016&amp;TRM=Le+latin+de+la+%22Passion+de+Perpe%CC%81tue+et+de+Fe%CC%81licite%CC%81%22\">Perp\u00e9tue<\/a><a style=\"color: #000000;\" href=\"http:\/\/www.sudoc.abes.fr\/DB=2.1\/SET=2\/TTL=1\/CLK?IKT=1016&amp;TRM=Le+latin+de+la+%22Passion+de+Perpe%CC%81tue+et+de+Fe%CC%81licite%CC%81%22\">\u00a0<\/a><a style=\"color: #000000;\" href=\"http:\/\/www.sudoc.abes.fr\/DB=2.1\/SET=2\/TTL=1\/CLK?IKT=1016&amp;TRM=Le+latin+de+la+%22Passion+de+Perpe%CC%81tue+et+de+Fe%CC%81licite%CC%81%22\">et<\/a><a style=\"color: #000000;\" href=\"http:\/\/www.sudoc.abes.fr\/DB=2.1\/SET=2\/TTL=1\/CLK?IKT=1016&amp;TRM=Le+latin+de+la+%22Passion+de+Perpe%CC%81tue+et+de+Fe%CC%81licite%CC%81%22\">\u00a0<\/a><a style=\"color: #000000;\" href=\"http:\/\/www.sudoc.abes.fr\/DB=2.1\/SET=2\/TTL=1\/CLK?IKT=1016&amp;TRM=Le+latin+de+la+%22Passion+de+Perpe%CC%81tue+et+de+Fe%CC%81licite%CC%81%22\">de<\/a><a style=\"color: #000000;\" href=\"http:\/\/www.sudoc.abes.fr\/DB=2.1\/SET=2\/TTL=1\/CLK?IKT=1016&amp;TRM=Le+latin+de+la+%22Passion+de+Perpe%CC%81tue+et+de+Fe%CC%81licite%CC%81%22\">\u00a0<\/a><a style=\"color: #000000;\" href=\"http:\/\/www.sudoc.abes.fr\/DB=2.1\/SET=2\/TTL=1\/CLK?IKT=1016&amp;TRM=Le+latin+de+la+%22Passion+de+Perpe%CC%81tue+et+de+Fe%CC%81licite%CC%81%22\">F\u00e9licit\u00e9<\/a>\u00a0\u00bb<\/em>, in Actes du 4<em><sup>\u00e8me<\/sup><\/em> Colloque international sur\u00a0<a style=\"color: #000000;\" href=\"http:\/\/www.sudoc.abes.fr\/DB=2.1\/SET=2\/TTL=1\/CLK?IKT=12&amp;TRM=004183134\">le<\/a><a style=\"color: #000000;\" href=\"http:\/\/www.sudoc.abes.fr\/DB=2.1\/SET=2\/TTL=1\/CLK?IKT=12&amp;TRM=004183134\">\u00a0<\/a><a style=\"color: #000000;\" href=\"http:\/\/www.sudoc.abes.fr\/DB=2.1\/SET=2\/TTL=1\/CLK?IKT=12&amp;TRM=004183134\">latin<\/a><a style=\"color: #000000;\" href=\"http:\/\/www.sudoc.abes.fr\/DB=2.1\/SET=2\/TTL=1\/CLK?IKT=12&amp;TRM=004183134\">\u00a0vulgaire\u00a0<\/a><a style=\"color: #000000;\" href=\"http:\/\/www.sudoc.abes.fr\/DB=2.1\/SET=2\/TTL=1\/CLK?IKT=12&amp;TRM=004183134\">et<\/a>\u00a0tardif, Caen, 2-5 septembre 1994, \u00e9d. par Louis Callebat. &#8211; Hildesheim : Olms-Weidmann, 1995, pp. 445-454.<\/span><\/p>\n<p style=\"text-align: justify;\"><span style=\"color: #000000; font-size: 14pt;\">-S. Tillemont, <em>Memoires pour servir \u00e0 l\u2019histoire eccl\u00e9siastique des six premiers si\u00e8cles<\/em>, Volume\u00a03, n\u00b01\u00a0: notes sur Sainte Perp\u00e9tue et Sainte F\u00e9licit\u00e9, p. 497-510.<\/span><\/p>\n<p style=\"text-align: justify;\"><span style=\"color: #000000; font-size: 14pt;\">-M, Testard, <em>La Passion des saintes Perp\u00e9tue et F\u00e9licit\u00e9. T\u00e9moignages sur le monde antique et le christianisme.<\/em> In : Bulletin de l\u2019Association Guillaume Bud\u00e9, n\u00b01, mars 1991. doi : 10.3406\/bude.1991.1454 http:\/\/www.persee.fr\/doc\/bude_0004-5527_1991_num_1_1_1454<\/span><\/p>\n<p style=\"text-align: justify;\"><span style=\"color: #000000; font-size: 14pt;\"><strong>Textes sur les visions<\/strong><\/span><\/p>\n<p style=\"text-align: justify;\"><span style=\"color: #000000; font-size: 14pt;\">-M. Meslin, <em>Vases sacr\u00e9s et boissons d\u2019\u00e9ternit\u00e9 dans les visions des martyrs chr\u00e9tiens africains<\/em>, dans <em>Epektasis<\/em> (M\u00e9langes Dani\u00e9lou), Paris, 1972, p. 139-153.<\/span><\/p>\n<p style=\"text-align: justify;\"><span style=\"color: #000000; font-size: 14pt;\">-C. Mertens, <em>Les premiers martyrs et leurs r\u00eaves.<\/em> <em>Coh\u00e9sion de l\u2019histoire et des r\u00eaves dans quelques \u00abPassions\u00bb latines de l\u2019Afrique du Nord<\/em>, dans Revue d\u2019histoire eccl\u00e9siastique, 81, 1986, p. 5-46.<\/span><\/p>\n<p style=\"text-align: justify;\"><span style=\"color: #000000; font-size: 14pt;\">-Karin Budrugeac, <em>L\u2019int\u00e9gration d\u2019\u00e9l\u00e9ments pa\u00efens dans la Pens\u00e9e chr\u00e9tienne des premiers si\u00e8cles : Les visions et le martyre de Perp\u00e9tue<\/em>, Bucarest, 2008. \u00a0<\/span><\/p>\n<p style=\"text-align: justify;\"><span style=\"color: #000000; font-size: 14pt;\"><strong>Le genre litt\u00e9raire<\/strong><\/span><\/p>\n<p style=\"text-align: justify;\"><span style=\"color: #000000; font-size: 14pt;\">-H. Delehaye, <em>Les passions des martyrs et les genres litt\u00e9raires<\/em>, Bruxelles, 1921.<\/span><\/p>\n<p style=\"text-align: justify;\"><span style=\"color: #000000; font-size: 14pt;\"><em>&#8211;<\/em>J. Fontaine, <em>Passio.<\/em> <em>Aspects et probl\u00e8mes de la prose d\u2019art latine au II<\/em><em><sup>\u00e8me<\/sup><\/em><em> si\u00e8cle<\/em>, Torino, 1968, p. 69-92.<\/span><\/p>\n<p style=\"text-align: justify;\"><span style=\"color: #000000; font-size: 14pt;\">-R. Braun, <em>Nouvelles observations linguistiques sur le r\u00e9dacteur de la \u00ab Passio Perpetuae \u00bb<\/em>, dans <em>Vigiliae Christianae<\/em>, 33, 1979, p. 105-117.<\/span><\/p>\n<p style=\"text-align: justify;\"><span style=\"color: #000000; font-size: 14pt;\"><strong>Les <em>Actes abr\u00e9g\u00e9s<\/em><\/strong><\/span><\/p>\n<p style=\"text-align: justify;\"><span style=\"color: #000000; font-size: 14pt;\">-B. Aub\u00e9,<em> Un nouveau texte des actes des saintes F\u00e9licit\u00e9 et Perp\u00e9tue et de leurs compagnons martyrs en Afrique, \u00e0 Carthage, sous le r\u00e8gne de Septime-S\u00e9v\u00e8re (202-203).<\/em> In : Comptes rendus des s\u00e9ances de l\u2019Acad\u00e9mie des Inscriptions et Belles-Lettres, 24\u1d49 ann\u00e9e, N. 4, 1880. pp. 321-331.<\/span><\/p>\n<p style=\"text-align: justify;\"><span style=\"color: #000000; font-size: 14pt;\"><strong>L\u2019arch\u00e9ologie des martyrs de Carthage <\/strong><\/span><\/p>\n<p style=\"text-align: justify;\"><span style=\"color: #000000; font-size: 14pt;\">-L, Delattre, <em>L\u2019arch\u00e9ologie et Congr\u00e8s eucharistique de Carthage<\/em>, Tunis, 1932,<\/span><\/p>\n<p style=\"text-align: justify;\"><span style=\"color: #000000; font-size: 14pt;\">&#8211;<em>A l\u2019amphith\u00e9\u00e2tre de Carthage<\/em>, extrait du Bulletin de la Soci\u00e9t\u00e9 Arch\u00e9ologique de Sousse, n.1, Tunis, 1903.<\/span><\/p>\n<p style=\"text-align: justify;\"><span style=\"color: #000000; font-size: 14pt;\">&#8211;<em>Pierre tombale des martyrs<\/em>, Tunis, 1907.<\/span><\/p>\n<p style=\"text-align: justify;\"><span style=\"color: #000000; font-size: 14pt;\">&#8211;<em>L\u2019amphith\u00e9\u00e2tre de Carthage et le p\u00e8lerinage de Sainte Perp\u00e9tue<\/em>, Lyon, 1913.<\/span><\/p>\n<p style=\"text-align: justify;\"><span style=\"color: #000000; font-size: 14pt;\"><strong>La liturgie des martyrs de Carthage<\/strong><\/span><\/p>\n<p style=\"text-align: justify;\"><span style=\"color: #000000; font-size: 14pt;\">-I, Schuster, <em>Liber Sacramentorum, notes historiques et liturgiques sur le Missel Romain<\/em>, Bruxelles, 1931, t. VII, p. 45-49.<\/span><\/p>\n<p style=\"text-align: justify;\"><span style=\"color: #000000; font-size: 14pt;\">-6 mars\u00a0: <em>Saintes Perp\u00e9tue et F\u00e9licit\u00e9<\/em>, <a style=\"color: #000000;\" href=\"http:\/\/www.introibo.fr\/06-03-Stes-Perpetue-et-Felicite\">http:\/\/www.introibo.fr\/06-03-Stes-Perpetue-et-Felicite<\/a><\/span><\/p>\n<p>&nbsp;<\/p>\n<p>&nbsp;<\/p>\n","protected":false},"excerpt":{"rendered":"<p>Voici chers amis pour ceux qui sont interess\u00e9s une liste non exhaustive de bibliographie \u00e0 consulter au sujet de la Passion de Perp\u00e9tue et F\u00e9licit\u00e9 et leurs compagnons qui a \u00e9t\u00e9 publi\u00e9e dans mon livret sur Perpetue et Felicit\u00e9 paru en F\u00e9vrier 2017.\u00a0\u00a0 Texte de la Passio latine -C. van \u2026<\/p>\n<p class=\"continue-reading-button\"> <a class=\"continue-reading-link\" href=\"http:\/\/archeologiechretienne.ive.org\/?p=793\">Continuer \u00e0 lire<i class=\"crycon-right-dir\"><\/i><\/a><\/p>\n","protected":false},"author":1,"featured_media":794,"comment_status":"open","ping_status":"open","sticky":false,"template":"","format":"standard","meta":{"jetpack_post_was_ever_published":false,"_jetpack_newsletter_access":"","_jetpack_dont_email_post_to_subs":false,"_jetpack_newsletter_tier_id":0,"_jetpack_memberships_contains_paywalled_content":false,"_jetpack_memberships_contains_paid_content":false,"footnotes":"","jetpack_publicize_message":"","jetpack_publicize_feature_enabled":true,"jetpack_social_post_already_shared":true,"jetpack_social_options":{"image_generator_settings":{"template":"highway","default_image_id":0,"font":"","enabled":false},"version":2}},"categories":[62],"tags":[27,58,19],"class_list":["post-793","post","type-post","status-publish","format-standard","has-post-thumbnail","hentry","category-archeologie","tag-archeologie-chretienne","tag-cathedrale-de-tunis","tag-perpetue-et-felicite"],"jetpack_publicize_connections":[],"jetpack_featured_media_url":"https:\/\/i0.wp.com\/archeologiechretienne.ive.org\/wp-content\/uploads\/2018\/12\/18700744_1539580046074916_8752362809611695260_o.jpg?fit=2048%2C1361","jetpack_sharing_enabled":true,"jetpack_shortlink":"https:\/\/wp.me\/p5FzU9-cN","_links":{"self":[{"href":"http:\/\/archeologiechretienne.ive.org\/index.php?rest_route=\/wp\/v2\/posts\/793","targetHints":{"allow":["GET"]}}],"collection":[{"href":"http:\/\/archeologiechretienne.ive.org\/index.php?rest_route=\/wp\/v2\/posts"}],"about":[{"href":"http:\/\/archeologiechretienne.ive.org\/index.php?rest_route=\/wp\/v2\/types\/post"}],"author":[{"embeddable":true,"href":"http:\/\/archeologiechretienne.ive.org\/index.php?rest_route=\/wp\/v2\/users\/1"}],"replies":[{"embeddable":true,"href":"http:\/\/archeologiechretienne.ive.org\/index.php?rest_route=%2Fwp%2Fv2%2Fcomments&post=793"}],"version-history":[{"count":4,"href":"http:\/\/archeologiechretienne.ive.org\/index.php?rest_route=\/wp\/v2\/posts\/793\/revisions"}],"predecessor-version":[{"id":801,"href":"http:\/\/archeologiechretienne.ive.org\/index.php?rest_route=\/wp\/v2\/posts\/793\/revisions\/801"}],"wp:featuredmedia":[{"embeddable":true,"href":"http:\/\/archeologiechretienne.ive.org\/index.php?rest_route=\/wp\/v2\/media\/794"}],"wp:attachment":[{"href":"http:\/\/archeologiechretienne.ive.org\/index.php?rest_route=%2Fwp%2Fv2%2Fmedia&parent=793"}],"wp:term":[{"taxonomy":"category","embeddable":true,"href":"http:\/\/archeologiechretienne.ive.org\/index.php?rest_route=%2Fwp%2Fv2%2Fcategories&post=793"},{"taxonomy":"post_tag","embeddable":true,"href":"http:\/\/archeologiechretienne.ive.org\/index.php?rest_route=%2Fwp%2Fv2%2Ftags&post=793"}],"curies":[{"name":"wp","href":"https:\/\/api.w.org\/{rel}","templated":true}]}}