{"id":1274,"date":"2022-06-02T10:14:27","date_gmt":"2022-06-02T10:14:27","guid":{"rendered":"https:\/\/archeologiechretienne.ive.org\/?p=1274"},"modified":"2023-02-03T10:37:42","modified_gmt":"2023-02-03T10:37:42","slug":"les-mosaiques-funeraires-chretiennes-de-lespagne-et-la-tunisie-colloque-sur-lafrique-antique-a-luniversita-complutense-de-madrid-4-8-avril-2022","status":"publish","type":"post","link":"https:\/\/archeologiechretienne.ive.org\/?p=1274","title":{"rendered":"LES MOSAIQUES FUNERAIRES CHRETIENNES DE L&rsquo;ESPAGNE ET LA TUNISIE&nbsp;&raquo;, Colloque sur l&rsquo;Afrique antique \u00e0 l&rsquo;Universit\u00e0 Complutense de Madrid, 4 &#8211; 8 avril 2022."},"content":{"rendered":"\n\n\n<figure class=\"wp-block-gallery has-nested-images columns-default is-cropped wp-block-gallery-1 is-layout-flex wp-block-gallery-is-layout-flex\">\n<figure class=\"wp-block-image size-large\"><a href=\"https:\/\/i0.wp.com\/archeologiechretienne.ive.org\/wp-content\/uploads\/2022\/06\/Sfax-7-scaled.jpg?ssl=1\"><img data-recalc-dims=\"1\" loading=\"lazy\" decoding=\"async\" width=\"980\" height=\"392\" data-id=\"1276\" src=\"https:\/\/i0.wp.com\/archeologiechretienne.ive.org\/wp-content\/uploads\/2022\/06\/Sfax-7-1024x410.jpg?resize=980%2C392&#038;ssl=1\" alt=\"\" class=\"wp-image-1276\" srcset=\"https:\/\/i0.wp.com\/archeologiechretienne.ive.org\/wp-content\/uploads\/2022\/06\/Sfax-7-scaled.jpg?resize=1024%2C410&amp;ssl=1 1024w, https:\/\/i0.wp.com\/archeologiechretienne.ive.org\/wp-content\/uploads\/2022\/06\/Sfax-7-scaled.jpg?resize=300%2C120&amp;ssl=1 300w, https:\/\/i0.wp.com\/archeologiechretienne.ive.org\/wp-content\/uploads\/2022\/06\/Sfax-7-scaled.jpg?resize=768%2C308&amp;ssl=1 768w, https:\/\/i0.wp.com\/archeologiechretienne.ive.org\/wp-content\/uploads\/2022\/06\/Sfax-7-scaled.jpg?resize=1536%2C615&amp;ssl=1 1536w, https:\/\/i0.wp.com\/archeologiechretienne.ive.org\/wp-content\/uploads\/2022\/06\/Sfax-7-scaled.jpg?resize=2048%2C820&amp;ssl=1 2048w, https:\/\/i0.wp.com\/archeologiechretienne.ive.org\/wp-content\/uploads\/2022\/06\/Sfax-7-scaled.jpg?resize=250%2C100&amp;ssl=1 250w, https:\/\/i0.wp.com\/archeologiechretienne.ive.org\/wp-content\/uploads\/2022\/06\/Sfax-7-scaled.jpg?resize=150%2C60&amp;ssl=1 150w, https:\/\/i0.wp.com\/archeologiechretienne.ive.org\/wp-content\/uploads\/2022\/06\/Sfax-7-scaled.jpg?w=1960 1960w\" sizes=\"auto, (max-width: 980px) 100vw, 980px\" \/><\/a><figcaption class=\"wp-element-caption\">nor<\/figcaption><\/figure>\n<figcaption class=\"blocks-gallery-caption wp-element-caption\">caisson fun\u00e9raire de Sfax <\/figcaption><\/figure>\n\n\n\n<p><strong>Sch\u00e9ma de pr\u00e9sentation de&nbsp;la mosa\u00efque fun\u00e9raire<\/strong><\/p>\n\n\n\n<p><em>&#8211; Historique de l&rsquo;\u00e9tude&nbsp;de la mosa\u00efque fun\u00e9raire chr\u00e9tienne en Tunisie et en Espagne<\/em><\/p>\n\n\n\n<p><em>&#8211; Description et typologie<\/em><\/p>\n\n\n\n<p><em>&#8211; Distribution g\u00e9ographique&nbsp;et chronologie: Tunisie et&nbsp;Espagne<\/em><\/p>\n\n\n\n<p><em>&#8211;&nbsp;Le&nbsp;ph\u00e9nom\u00e8ne&nbsp;de&nbsp;la&nbsp;mosa\u00efque&nbsp;fun\u00e9raire&nbsp;chr\u00e9tienne&nbsp;dans&nbsp;la m\u00e9diterran\u00e9e<\/em><\/p>\n\n\n\n<p><em>&#8211; Les symboles&nbsp;et la spiritualit\u00e9 fun\u00e9raire <\/em><\/p>\n\n\n\n<p><em>&#8211; La vie&nbsp;eccl\u00e9siastique et profane dans la mosa\u00efque fun\u00e9raire<\/em><\/p>\n\n\n\n<p><em>&#8211; Conclusion<\/em><\/p>\n\n\n\n<p class=\"has-text-align-justify\"><strong>Th\u00e8se:<\/strong>&nbsp;La mosa\u00efque fun\u00e9raire pal\u00e9ochr\u00e9tienne constitue une originalit\u00e9 de&nbsp;l\u2019Afrique&nbsp;du Nord, particuli\u00e8rement de la Tunisie. Il existe quelques exemplaires en Alg\u00e9rie (\u00e0&nbsp;peu pr\u00e8s une centaine), en&nbsp;Italie (surtout en Sardaigne 44 mosa\u00efques) et en Espagne (33 mosa\u00efques), mais le point de d\u00e9part de cette innovation est toujours la Tunisie avec plus de 700mosa\u00efques fun\u00e9raires. <strong>Mais comment cette mode africaine a contagi\u00e9 le monde de la m\u00e9diterran\u00e9e ?<\/strong>&nbsp;Selon les \u00e9tudes de Quattrocchi cette tradition&nbsp;s\u2019est&nbsp;export\u00e9e au-del\u00e0 des fronti\u00e8res de&nbsp;l\u2019Afrique&nbsp;du Nord, atteignant la p\u00e9ninsule italique, les deux plus grandes \u00eeles de la&nbsp;M\u00e9diterran\u00e9e et la p\u00e9ninsule ib\u00e9rique. En dehors de&nbsp;l\u2019Afrique,&nbsp;les premi\u00e8res attestations d\u00e9butent vers le IV\u00e8me si\u00e8cle, avec les mosa\u00efques des \u00eeles Bal\u00e9ares et de la Sardaigne. On peut imaginer que la Sardaigne servait de pont pour les marchands, qui, avec les produits de&nbsp;premi\u00e8re n\u00e9cessit\u00e9&nbsp;vendaient sans&nbsp;doute aussi&nbsp;les&nbsp;mod\u00e8les de&nbsp;mosa\u00efques qui&nbsp;seraient ensuite&nbsp;utilis\u00e9s par&nbsp;les&nbsp;artisans locaux. Donc apr\u00e8s un premier contact avec la Sardaigne et, plus tard, dans les \u00eeles Bal\u00e9ares, les mod\u00e8les de mosa\u00efques parvenaient \u00e0 la voisine r\u00e9gion de la Tarraconensis. <strong>Pourquoi cette tradition ne prosp\u00e9ra pas en Espagne ?<\/strong>&nbsp;Il est difficile de le d\u00e9terminer mais on peut penser \u00e0&nbsp;plusieurs&nbsp;raisons&nbsp;:&nbsp;le&nbsp;ralentissement&nbsp;de&nbsp;la&nbsp;christianisation&nbsp;en&nbsp;Espagne&nbsp;aux&nbsp;premiers&nbsp;si\u00e8cles;&nbsp;Le&nbsp;nombre&nbsp;de martyrs n\u2019\u00e9taient&nbsp;pas tr\u00e8s&nbsp;\u00e9lev\u00e9;&nbsp;La&nbsp;construction tardive&nbsp;des&nbsp;basiliques&nbsp;fun\u00e9raires;&nbsp;la&nbsp;pr\u00e9f\u00e9rence pour&nbsp;&nbsp;d\u2019autres&nbsp;formes d\u2019ensevelissement; la constitution du royaume des Wisigoths (V\u00e8me si\u00e8cle); une technique import\u00e9e, co\u00fbteuse et qui demandait une certaine maitrise.<\/p>\n\n\n\n<p class=\"has-text-align-center\"><strong><mark><span style=\"color:#cf2e2e\" class=\"tadv-color\">TELECHARGER LE TEXTE <\/span><\/mark><\/strong><\/p>\n\n\n\n<p><\/p>\n\n\n\n<div data-wp-interactive=\"core\/file\" class=\"wp-block-file\"><object data-wp-bind--hidden=\"!state.hasPdfPreview\" hidden class=\"wp-block-file__embed\" data=\"https:\/\/archeologiechretienne.ive.org\/wp-content\/uploads\/2023\/02\/Mosaiques-funeraires-2023.pdf\" type=\"application\/pdf\" style=\"width:100%;height:600px\" aria-label=\"Contenu embarqu\u00e9 Mosaiques-funeraires-2023.\"><\/object><a id=\"wp-block-file--media-b8403f38-b414-4ae3-88ed-12db70c4bdf2\" href=\"https:\/\/archeologiechretienne.ive.org\/wp-content\/uploads\/2023\/02\/Mosaiques-funeraires-2023.pdf\">Mosaiques-funeraires-2023<\/a><a href=\"https:\/\/archeologiechretienne.ive.org\/wp-content\/uploads\/2023\/02\/Mosaiques-funeraires-2023.pdf\" class=\"wp-block-file__button wp-element-button\" download aria-describedby=\"wp-block-file--media-b8403f38-b414-4ae3-88ed-12db70c4bdf2\">T\u00e9l\u00e9charger<\/a><\/div>\n","protected":false},"excerpt":{"rendered":"<p>Sch\u00e9ma de pr\u00e9sentation de&nbsp;la mosa\u00efque fun\u00e9raire &#8211; Historique de l&rsquo;\u00e9tude&nbsp;de la mosa\u00efque fun\u00e9raire chr\u00e9tienne en Tunisie et en Espagne &#8211; Description et typologie &#8211; Distribution g\u00e9ographique&nbsp;et chronologie: Tunisie et&nbsp;Espagne &#8211;&nbsp;Le&nbsp;ph\u00e9nom\u00e8ne&nbsp;de&nbsp;la&nbsp;mosa\u00efque&nbsp;fun\u00e9raire&nbsp;chr\u00e9tienne&nbsp;dans&nbsp;la m\u00e9diterran\u00e9e &#8211; Les symboles&nbsp;et la spiritualit\u00e9 fun\u00e9raire &#8211; La vie&nbsp;eccl\u00e9siastique et profane dans la mosa\u00efque fun\u00e9raire &#8211; Conclusion Th\u00e8se:&nbsp;La mosa\u00efque \u2026<\/p>\n<p class=\"continue-reading-button\"> <a class=\"continue-reading-link\" href=\"https:\/\/archeologiechretienne.ive.org\/?p=1274\">Continuer \u00e0 lire<i class=\"crycon-right-dir\"><\/i><\/a><\/p>\n","protected":false},"author":1,"featured_media":0,"comment_status":"open","ping_status":"open","sticky":false,"template":"","format":"standard","meta":{"jetpack_post_was_ever_published":false,"_jetpack_newsletter_access":"","_jetpack_dont_email_post_to_subs":false,"_jetpack_newsletter_tier_id":0,"_jetpack_memberships_contains_paywalled_content":false,"_jetpack_memberships_contains_paid_content":false,"footnotes":"","jetpack_publicize_message":"","jetpack_publicize_feature_enabled":true,"jetpack_social_post_already_shared":true,"jetpack_social_options":{"image_generator_settings":{"template":"highway","default_image_id":0,"font":"","enabled":false},"version":2}},"categories":[62,98,172],"tags":[214,215,213],"class_list":["post-1274","post","type-post","status-publish","format-standard","hentry","category-archeologie","category-art-chretien","category-patrimoine","tag-archeologie-chretienne-2","tag-art-chretien-2","tag-mosaiques-funeraires-chretienne"],"jetpack_publicize_connections":[],"jetpack_featured_media_url":"","jetpack_sharing_enabled":true,"jetpack_shortlink":"https:\/\/wp.me\/p5FzU9-ky","_links":{"self":[{"href":"https:\/\/archeologiechretienne.ive.org\/index.php?rest_route=\/wp\/v2\/posts\/1274","targetHints":{"allow":["GET"]}}],"collection":[{"href":"https:\/\/archeologiechretienne.ive.org\/index.php?rest_route=\/wp\/v2\/posts"}],"about":[{"href":"https:\/\/archeologiechretienne.ive.org\/index.php?rest_route=\/wp\/v2\/types\/post"}],"author":[{"embeddable":true,"href":"https:\/\/archeologiechretienne.ive.org\/index.php?rest_route=\/wp\/v2\/users\/1"}],"replies":[{"embeddable":true,"href":"https:\/\/archeologiechretienne.ive.org\/index.php?rest_route=%2Fwp%2Fv2%2Fcomments&post=1274"}],"version-history":[{"count":2,"href":"https:\/\/archeologiechretienne.ive.org\/index.php?rest_route=\/wp\/v2\/posts\/1274\/revisions"}],"predecessor-version":[{"id":1363,"href":"https:\/\/archeologiechretienne.ive.org\/index.php?rest_route=\/wp\/v2\/posts\/1274\/revisions\/1363"}],"wp:attachment":[{"href":"https:\/\/archeologiechretienne.ive.org\/index.php?rest_route=%2Fwp%2Fv2%2Fmedia&parent=1274"}],"wp:term":[{"taxonomy":"category","embeddable":true,"href":"https:\/\/archeologiechretienne.ive.org\/index.php?rest_route=%2Fwp%2Fv2%2Fcategories&post=1274"},{"taxonomy":"post_tag","embeddable":true,"href":"https:\/\/archeologiechretienne.ive.org\/index.php?rest_route=%2Fwp%2Fv2%2Ftags&post=1274"}],"curies":[{"name":"wp","href":"https:\/\/api.w.org\/{rel}","templated":true}]}}