{"id":273,"date":"2015-06-30T12:31:32","date_gmt":"2015-06-30T12:31:32","guid":{"rendered":"http:\/\/archeologiechretienne.ive.org\/?p=273"},"modified":"2015-06-30T12:31:32","modified_gmt":"2015-06-30T12:31:32","slug":"saint-louis-de-carthage","status":"publish","type":"post","link":"https:\/\/archeologiechretienne.ive.org\/?p=273","title":{"rendered":"SAINT LOUIS DE CARTHAGE"},"content":{"rendered":"<p style=\"text-align: center;\"><strong><span style=\"color: #000000;\">COLLINE DE BYRSA<\/span><\/strong><br \/>\n<strong><span style=\"color: #000000;\">BASILIQUE SAINT LOUIS ROI DE FRANCE<\/span><\/strong><\/p>\n<p style=\"text-align: justify;\"><span style=\"color: #000000;\">Sur le sommet de la colline de Byrsa, emplacement du forum romain, a \u00e9t\u00e9 mis au jour un quartier d\u2019habitations puniques, dat\u00e9 plus pr\u00e9cis\u00e9ment du d\u00e9but du IIe si\u00e8cle av. J-C.\u00a0<\/span>Ce programme \u00e9dilitaire, qui a n\u00e9cessit\u00e9 une organisation et une volont\u00e9 politique, a inspir\u00e9 le nom du quartier, baptis\u00e9 \u00abquartier Hannibal\u00bb en r\u00e9f\u00e9rence au grand g\u00e9n\u00e9ral du d\u00e9but du IIe si\u00e8cle av. J-C.<span style=\"color: #000000;\"><br \/>\n<a href=\"https:\/\/i0.wp.com\/archeologiechretienne.ive.org\/wp-content\/uploads\/2015\/06\/Saint-Louis-et-peres-blancs.jpg\"><img data-recalc-dims=\"1\" loading=\"lazy\" decoding=\"async\" class=\" size-full wp-image-275 aligncenter\" src=\"https:\/\/i0.wp.com\/archeologiechretienne.ive.org\/wp-content\/uploads\/2015\/06\/Saint-Louis-et-peres-blancs.jpg?resize=623%2C300\" alt=\"Saint Louis et peres blancs\" width=\"623\" height=\"300\" srcset=\"https:\/\/i0.wp.com\/archeologiechretienne.ive.org\/wp-content\/uploads\/2015\/06\/Saint-Louis-et-peres-blancs.jpg?w=623&amp;ssl=1 623w, https:\/\/i0.wp.com\/archeologiechretienne.ive.org\/wp-content\/uploads\/2015\/06\/Saint-Louis-et-peres-blancs.jpg?resize=300%2C144&amp;ssl=1 300w, https:\/\/i0.wp.com\/archeologiechretienne.ive.org\/wp-content\/uploads\/2015\/06\/Saint-Louis-et-peres-blancs.jpg?resize=250%2C120&amp;ssl=1 250w, https:\/\/i0.wp.com\/archeologiechretienne.ive.org\/wp-content\/uploads\/2015\/06\/Saint-Louis-et-peres-blancs.jpg?resize=150%2C72&amp;ssl=1 150w\" sizes=\"auto, (max-width: 623px) 100vw, 623px\" \/><\/a><\/span><\/p>\n<p style=\"text-align: center;\"><em>(Vue de la basilique et le scolasticat des P\u00e8res Blancs, aujourd\u2019hui Acropolium et mus\u00e9e de Carthage)<\/em><\/p>\n<p style=\"text-align: justify;\"><span style=\"color: #000000;\">Aujourd\u2019hui, cette colline se distingue aussi par la silhouette massive de la Cath\u00e9drale Saint-Louis de Carthage \u00e9difi\u00e9e, \u00e0 la fin du XIXe si\u00e8cle, \u00e0 l\u2019emplacement de la s\u00e9pulture du roi Louis IX de France (Saint Louis) qui y mourut au cours de la huiti\u00e8me et derni\u00e8re croisade. Saint Louis l\u2019entreprit dans l\u2019espoir de convertir au christianisme El-Mostancir qui r\u00e9gnait \u00e0 Tunis. Partis d\u2019Aigues-Mortes, au d\u00e9but du mois de juillet 1270, les crois\u00e9s, apr\u00e8s un arr\u00eat \u00e0 Cagliari, arriv\u00e8rent devant Carthage vers le 15 juillet. Ils r\u00e9ussirent \u00e0 d\u00e9barquer et \u00e0 s\u2019en emparer. El-Mostancir songeait m\u00eame \u00e0 transporter sa capitale \u00e0 Kairouan quand la peste s\u2019abattit sur l\u2019arm\u00e9e fran\u00e7aise. Le roi contracta la maladie en visitant les pestif\u00e9r\u00e9s. Il mourut saintement \u00e0 Carthage sur un lit de cendres le 25 ao\u00fbt. Le corps de Saint Louis ne pouvait \u00eatre ramen\u00e9 en France, sans danger de contagion pour le reste de l\u2019arm\u00e9e. Il subit donc une op\u00e9ration par laquelle sa chair fut s\u00e9par\u00e9e des ossements. Ainsi la chair de Saint Louis est conserv\u00e9e dans la cath\u00e9drale de Montr\u00e9al, en Sicile, o\u00f9 le duc d\u2019Anjou, fr\u00e8re de Saint Louis, l\u2019avait fait transporter tandis que les ossements avaient \u00e9t\u00e9 ramen\u00e9s en France. Voil\u00e0 pourquoi le Cardinal Lavigerie a pu, avec l\u2019appui de S.M. le roi de Naples, obtenir une partie des reliques de Montr\u00e9al. Aussi fallait-il un reliquaire digne d\u2019un tel tr\u00e9sor. Reliquaire qui aujourd\u2019hui est conserv\u00e9 dans l\u2019actuelle Cath\u00e9drale de Tunis.<\/span><\/p>\n<p style=\"text-align: justify;\"><span style=\"color: #000000;\"><a href=\"https:\/\/i0.wp.com\/archeologiechretienne.ive.org\/wp-content\/uploads\/2015\/06\/reliquaire-saint-Louis.jpg\"><img data-recalc-dims=\"1\" loading=\"lazy\" decoding=\"async\" class=\"  wp-image-274 alignleft\" src=\"https:\/\/i0.wp.com\/archeologiechretienne.ive.org\/wp-content\/uploads\/2015\/06\/reliquaire-saint-Louis.jpg?resize=232%2C338\" alt=\"reliquaire saint Louis\" width=\"232\" height=\"338\" srcset=\"https:\/\/i0.wp.com\/archeologiechretienne.ive.org\/wp-content\/uploads\/2015\/06\/reliquaire-saint-Louis.jpg?w=361&amp;ssl=1 361w, https:\/\/i0.wp.com\/archeologiechretienne.ive.org\/wp-content\/uploads\/2015\/06\/reliquaire-saint-Louis.jpg?resize=206%2C300&amp;ssl=1 206w, https:\/\/i0.wp.com\/archeologiechretienne.ive.org\/wp-content\/uploads\/2015\/06\/reliquaire-saint-Louis.jpg?resize=103%2C150&amp;ssl=1 103w\" sizes=\"auto, (max-width: 232px) 100vw, 232px\" \/><\/a>Le reliquaire de Saint Louis, est d\u00fb \u00e0 M. le Comte R. de Buisseret, pr\u00e9sident du comit\u00e9 charg\u00e9 de recueillir les offrandes et les souscriptions destin\u00e9es \u00e0 la construction de la basilique, qui a eu la g\u00e9n\u00e9reuse pens\u00e9e de faire r\u00e9aliser ce reliquaire magnifique pour contenir les restes de Saint Louis. Il s\u2019adressa d\u2019abord aux fils et aux h\u00e9ritiers m\u00eame de Saint Louis. Toutefois, la somme ainsi r\u00e9unie n\u2019\u00e9tant pas encore suffisante, d\u2019autres souscripteurs ont voulu joindre leurs noms \u00e0 ceux des premiers : tous ces noms sont grav\u00e9s en lettres d\u2019or sur fond noir des deux cot\u00e9s du socle du reliquaire.\u00a0<\/span><span style=\"color: #000000;\">L\u2019artiste a repr\u00e9sent\u00e9, pour recevoir les reliques du Saint Roi, la Sainte-Chapelle de Paris, construite sous les ordres de Louis IX lui-m\u00eame pour les reliques sacr\u00e9es de la Passion. Deux anges, l\u2019un symbolisant le g\u00e9nie de la Religion, l\u2019autre celui de la France, tiennent chacun, sur l\u2019un de leurs bras \u00e9lev\u00e9s, la Sainte-Chapelle, port\u00e9e ainsi comme en triomphe entre le ciel et la terre.<\/span><\/p>\n<p style=\"text-align: justify;\">\n<p style=\"text-align: justify;\"><span style=\"color: #000000;\">Revenons \u00e0 la Basilique. De style byzantin-mauresque, elle a la forme d\u2019une croix latine. Conform\u00e9ment aux voeux du Cardinal Lavigerie, les 234 souscripteurs descendants des anciens crois\u00e9s ont leurs armes et leurs noms grav\u00e9s sur le marbre et sont fix\u00e9s aux murs.\u00a0<\/span><span style=\"color: #000000;\">Au dessus des galeries, tout autour de la nef et du choeur une inscription latine tr\u00e8s importante, reproduit la bulle du Pape L\u00e9on IX consacrant le si\u00e8ge primatial de Carthage: <strong><em>\u00ab Sine dubio post romanum pontificem primus archiespiscopus et totius africae maximus metropolitanus est carthaginensis episcopus\u2026 \u00bb<\/em><\/strong> Il est hors de doute qu\u2019apr\u00e8s le Pontife Romain le premier archev\u00eaque et le grand M\u00e9tropolitain de toute l\u2019Afrique est l\u2019\u00e9v\u00eaque de Carthage. Ce dernier ne peut \u00eatre dessaisi en faveur de quelque \u00e9v\u00eaque d\u2019Afrique que ce soit, de ce privil\u00e8ge qu\u2019il a re\u00e7u du Saint Siege Apostolique et Romain. Il le conservera jusqu\u2019\u00e0 la fin des si\u00e8cles et tant que le nom de Notre Seigneur J\u00e9sus-Christ sera invoqu\u00e9 en Afrique car soit Carthage reste abandonn\u00e9e, soit qu\u2019elle ressuscite un jour dans sa gloire\u2026 <strong><em>\u00ab sed obtinebit illud usque in finem soeculi et donec invocabitur in ea nomen Domini Nostri Jesu Christi, sive deserta jaceat Carthago, sive resurgat gloriosa aliquando&nbsp;&raquo;.<\/em><\/strong><\/span><\/p>\n<p style=\"text-align: justify;\"><a href=\"https:\/\/i0.wp.com\/archeologiechretienne.ive.org\/wp-content\/uploads\/2015\/06\/666_001.jpg\"><img data-recalc-dims=\"1\" loading=\"lazy\" decoding=\"async\" class=\"  wp-image-277 alignright\" src=\"https:\/\/i0.wp.com\/archeologiechretienne.ive.org\/wp-content\/uploads\/2015\/06\/666_001.jpg?resize=237%2C374\" alt=\"666_001\" width=\"237\" height=\"374\" srcset=\"https:\/\/i0.wp.com\/archeologiechretienne.ive.org\/wp-content\/uploads\/2015\/06\/666_001.jpg?w=399&amp;ssl=1 399w, https:\/\/i0.wp.com\/archeologiechretienne.ive.org\/wp-content\/uploads\/2015\/06\/666_001.jpg?resize=190%2C300&amp;ssl=1 190w, https:\/\/i0.wp.com\/archeologiechretienne.ive.org\/wp-content\/uploads\/2015\/06\/666_001.jpg?resize=95%2C150&amp;ssl=1 95w\" sizes=\"auto, (max-width: 237px) 100vw, 237px\" \/><\/a>\u00a0<span style=\"color: #000000;\">Finalement la Chapelle du Saint-Sacrement, d\u00e9di\u00e9e \u00e0 Saint Louis constitue le chevet de la Cath\u00e9drale. Au centre, s\u2019\u00e9l\u00e8ve une coupole dor\u00e9e. Au-dessus de l\u2019arceau int\u00e9rieur et central sont plac\u00e9es les armoiries de M. le Comte R. de Buisseret. Devant un fond bleu sem\u00e9 de fleurs de lys, est l\u2019autel que domine la statue de Saint Louis ; autel qui en vertu d\u2019un bref du 4 juillet 1892 a re\u00e7u du Souverain Pontife L\u00e9on XIII la faveur d\u2019autel privil\u00e9gi\u00e9. Cet autel, don des colons de Tunisie, est un ex-voto offert en reconnaissance de la victoire et de la paix. Le Cardinal Lavigerie a voulu que l\u2019on conserv\u00e2t le Saint-Sacrement dans cette chapelle, en souvenir des sentiments admirables qui animaient Louis IX, envers la Sainte Eucharistie et des paroles pleines de foi qu\u2019il professa la veille de sa mort, avant de faire \u00e0 Carthage sa derni\u00e8re communion. Ces paroles sont reproduites en lettres d\u2019or sur la muraille. A gauche:\u00a0<\/span><span style=\"color: #000000;\">\u00abVous croyez demandait le confesseur de Saint Louis en lui pr\u00e9sentant la Sainte Hostie en viatique que ce soit le vrai corps de J\u00e9sus-Christ ?\u00a0<\/span><span style=\"color: #000000;\">A droite: \u00abOh oui ! r\u00e9pondit le monarque mourant et ne le croirais m\u00eame mieux si je le voyais tel que les ap\u00f4tres le contempl\u00e8rent au jour de l\u2019Ascension\u00bb.<\/span><\/p>\n<p style=\"text-align: center;\"><a href=\"https:\/\/i0.wp.com\/archeologiechretienne.ive.org\/wp-content\/uploads\/2015\/06\/Saint-louis-cathedrale.jpg\"><img data-recalc-dims=\"1\" loading=\"lazy\" decoding=\"async\" class=\"  wp-image-276 aligncenter\" src=\"https:\/\/i0.wp.com\/archeologiechretienne.ive.org\/wp-content\/uploads\/2015\/06\/Saint-louis-cathedrale.jpg?resize=483%2C373\" alt=\"Saint louis cathedrale\" width=\"483\" height=\"373\" srcset=\"https:\/\/i0.wp.com\/archeologiechretienne.ive.org\/wp-content\/uploads\/2015\/06\/Saint-louis-cathedrale.jpg?resize=300%2C233&amp;ssl=1 300w, https:\/\/i0.wp.com\/archeologiechretienne.ive.org\/wp-content\/uploads\/2015\/06\/Saint-louis-cathedrale.jpg?resize=193%2C150&amp;ssl=1 193w, https:\/\/i0.wp.com\/archeologiechretienne.ive.org\/wp-content\/uploads\/2015\/06\/Saint-louis-cathedrale.jpg?resize=150%2C116&amp;ssl=1 150w\" sizes=\"auto, (max-width: 483px) 100vw, 483px\" \/><\/a>\u00a0<span style=\"color: #000000;\">(Vitrail de Saint Louis \u00e0 la Cath\u00e9drale de Tunis )<\/span><\/p>\n<p style=\"text-align: center;\"><span style=\"color: #000000;\"><b>PRI\u00c8RE<\/b><\/span><strong><span style=\"color: #000000;\">\u00a0A SAINT LOUIS<\/span><\/strong><br \/>\n<span style=\"color: #000000;\">Saint Louis, Roi de France, h\u00e9ros de la France, priez pour elle.<\/span><br \/>\n<span style=\"color: #000000;\">Saint Louis, Roi de France, beau lys de puret\u00e9, ami du Sacr\u00e9 Coeur de J\u00e9sus, priez pour notre puret\u00e9.<\/span><br \/>\n<span style=\"color: #000000;\">Saint Louis, Roi de France, \u00e0 qui J\u00e9sus donne des gr\u00e2ces, apportez \u00e0 nos familles la paix, faites fleurir la foi, priez pour les familles chr\u00e9tiennes, le Saint Pontife et l\u2019\u00c9glise.<\/span><br \/>\n<span style=\"color: #000000;\">Saint Louis, vous l\u2019ami du Sacr\u00e9 Coeur de J\u00e9sus, vous le fervent serviteur de Marie qui l\u2019aimiez tant et qui d\u00e9siriez mourir un samedi, jour qui lui \u00e9tait consacr\u00e9, priez pour nous, pauvres p\u00e9cheurs. AMEN.<\/span><\/p>\n","protected":false},"excerpt":{"rendered":"<p>COLLINE DE BYRSA BASILIQUE SAINT LOUIS ROI DE FRANCE Sur le sommet de la colline de Byrsa, emplacement du forum romain, a \u00e9t\u00e9 mis au jour un quartier d\u2019habitations puniques, dat\u00e9 plus pr\u00e9cis\u00e9ment du d\u00e9but du IIe si\u00e8cle av. J-C.\u00a0Ce programme \u00e9dilitaire, qui a n\u00e9cessit\u00e9 une organisation et une volont\u00e9 \u2026<\/p>\n<p class=\"continue-reading-button\"> <a class=\"continue-reading-link\" href=\"https:\/\/archeologiechretienne.ive.org\/?p=273\">Continuer \u00e0 lire<i class=\"crycon-right-dir\"><\/i><\/a><\/p>\n","protected":false},"author":1,"featured_media":278,"comment_status":"open","ping_status":"open","sticky":false,"template":"","format":"standard","meta":{"jetpack_post_was_ever_published":false,"_jetpack_newsletter_access":"","_jetpack_dont_email_post_to_subs":false,"_jetpack_newsletter_tier_id":0,"_jetpack_memberships_contains_paywalled_content":false,"_jetpack_memberships_contains_paid_content":false,"footnotes":"","jetpack_publicize_message":"","jetpack_publicize_feature_enabled":true,"jetpack_social_post_already_shared":true,"jetpack_social_options":{"image_generator_settings":{"template":"highway","default_image_id":0,"font":"","enabled":false},"version":2}},"categories":[4],"tags":[17,67,32,89,90,91,88,92,18],"class_list":["post-273","post","type-post","status-publish","format-standard","has-post-thumbnail","hentry","category-carthage-chretienne","tag-afrique-du-nord","tag-carthage-chretienne","tag-christianisme","tag-colline-de-byrsa","tag-eglise-en-tunisie","tag-reliquaire-de-saint-louis","tag-saint-louis-de-carthage","tag-saint-louis-de-france","tag-tunisie"],"jetpack_publicize_connections":[],"jetpack_featured_media_url":"https:\/\/i0.wp.com\/archeologiechretienne.ive.org\/wp-content\/uploads\/2015\/06\/basilique-de-carthage.jpg?fit=1024%2C768&ssl=1","jetpack_sharing_enabled":true,"jetpack_shortlink":"https:\/\/wp.me\/p5FzU9-4p","_links":{"self":[{"href":"https:\/\/archeologiechretienne.ive.org\/index.php?rest_route=\/wp\/v2\/posts\/273","targetHints":{"allow":["GET"]}}],"collection":[{"href":"https:\/\/archeologiechretienne.ive.org\/index.php?rest_route=\/wp\/v2\/posts"}],"about":[{"href":"https:\/\/archeologiechretienne.ive.org\/index.php?rest_route=\/wp\/v2\/types\/post"}],"author":[{"embeddable":true,"href":"https:\/\/archeologiechretienne.ive.org\/index.php?rest_route=\/wp\/v2\/users\/1"}],"replies":[{"embeddable":true,"href":"https:\/\/archeologiechretienne.ive.org\/index.php?rest_route=%2Fwp%2Fv2%2Fcomments&post=273"}],"version-history":[{"count":1,"href":"https:\/\/archeologiechretienne.ive.org\/index.php?rest_route=\/wp\/v2\/posts\/273\/revisions"}],"predecessor-version":[{"id":279,"href":"https:\/\/archeologiechretienne.ive.org\/index.php?rest_route=\/wp\/v2\/posts\/273\/revisions\/279"}],"wp:featuredmedia":[{"embeddable":true,"href":"https:\/\/archeologiechretienne.ive.org\/index.php?rest_route=\/wp\/v2\/media\/278"}],"wp:attachment":[{"href":"https:\/\/archeologiechretienne.ive.org\/index.php?rest_route=%2Fwp%2Fv2%2Fmedia&parent=273"}],"wp:term":[{"taxonomy":"category","embeddable":true,"href":"https:\/\/archeologiechretienne.ive.org\/index.php?rest_route=%2Fwp%2Fv2%2Fcategories&post=273"},{"taxonomy":"post_tag","embeddable":true,"href":"https:\/\/archeologiechretienne.ive.org\/index.php?rest_route=%2Fwp%2Fv2%2Ftags&post=273"}],"curies":[{"name":"wp","href":"https:\/\/api.w.org\/{rel}","templated":true}]}}