{"id":326,"date":"2015-08-06T19:47:41","date_gmt":"2015-08-06T19:47:41","guid":{"rendered":"http:\/\/archeologiechretienne.ive.org\/?p=326"},"modified":"2015-08-06T19:47:41","modified_gmt":"2015-08-06T19:47:41","slug":"salle-du-constantin-au-musee-du-bardo","status":"publish","type":"post","link":"https:\/\/archeologiechretienne.ive.org\/?p=326","title":{"rendered":"SALLE DU CONSTANTIN AU MUS\u00c9E DU BARDO"},"content":{"rendered":"<p style=\"text-align: justify;\"><span style=\"color: #000000;\">Le nom de cette salle peut \u00eatre comprit, en r\u00e9f\u00e9rence au grand empereur romain qui, par l\u2019\u00e9dit de Milan en avril 313 reconnut officiellement l\u2019existence d\u2019un christianisme jusqu\u2019alors interdit et pers\u00e9cut\u00e9 dans l\u2019empire. La salle expose en effet des mosa\u00efques chr\u00e9tiennes et des \u0153uvres chr\u00e9tiennes r\u00e9alis\u00e9es juste apr\u00e8s cette reconnaissance officielle.<\/span><\/p>\n<p><img data-recalc-dims=\"1\" loading=\"lazy\" decoding=\"async\" class=\" aligncenter\" src=\"https:\/\/i0.wp.com\/f.hypotheses.org\/wp-content\/blogs.dir\/162\/files\/2012\/03\/DonationConstantin.jpg?resize=559%2C395&#038;ssl=1\" alt=\"https:\/\/f.hypotheses.org\/wp-content\/blogs.dir\/162\/files\/2012\/03\/DonationConstantin.jpg\" width=\"559\" height=\"395\" \/><\/p>\n<p style=\"text-align: justify;\"><span style=\"color: #000000;\">\u00a0<strong>-La mosa\u00efque de Daniel dans la fosse aux lions<\/strong><\/span><\/p>\n<p style=\"text-align: justify;\"><span style=\"color: #000000;\">D\u00e8s le d\u00e9but de notre parcours nous nous retrouvons devant une immense mosa\u00efque repr\u00e9sentant Daniel dans la fosse aux lions. Ce th\u00e8me biblique est tr\u00e8s populaire et a \u00e9t\u00e9 trait\u00e9 d\u00e8s l\u2019origine du christianisme par les peintres des Catacombes<a style=\"color: #000000;\" href=\"#_ftn1\" name=\"_ftnref1\">[1]<\/a>. <\/span><\/p>\n<p style=\"text-align: justify;\"><img data-recalc-dims=\"1\" decoding=\"async\" class=\" aligncenter\" src=\"https:\/\/i0.wp.com\/cdn.ipernity.com\/105\/60\/14\/4096014.c4e757a9.640.jpg?w=980\" alt=\"http:\/\/cdn.ipernity.com\/105\/60\/14\/4096014.c4e757a9.640.jpg?r2\" \/><\/p>\n<p style=\"text-align: justify;\"><span style=\"color: #000000;\">Cette mosa\u00efque provient d\u2019un mausol\u00e9e trouv\u00e9 dans le site \u00abFurnos Minus\u00bb en Tunisie. Le site de Furnos Minus \u00e9tait autrefois bien connu puisque les voyageurs qui empruntaient la grande route de Medjez el Bab vers Beja et Jendouba, ou vers Teboursouk et le Kef, le traversaient \u00e0 une trentaine de kilom\u00e8tres de Tunis. Le village moderne a repris le nom de Furna ou Furni, mais l&rsquo;essentiel des ruines se pla\u00e7aient sur les collines qui ferment au Nord le bassin de l&rsquo;Oued Chafrou, autour de deux centres distants d&rsquo;environ 500 m et qu&rsquo;on appelle traditionnellement d&rsquo;Hr Msaadine <em>(\u00abLes bienheureux\u00bb)<\/em>, nom du domaine lui-m\u00eame, et le Bordj el Iouhdi <em>(\u00abDemeure du Juif\u00bb)<\/em>. Les ruines chr\u00e9tiennes \u00e9taient tr\u00e8s importantes: il s\u2019agissait donc de deux ou trois basiliques chr\u00e9tiennes, d&rsquo;un mausol\u00e9e et de plusieurs tombes couvertes de mosa\u00efque, fouill\u00e9es pour l&rsquo;essentiel en trois fois: 1898, 1938 et 1953 par Gauckler, Duval et autres<a style=\"color: #000000;\" href=\"#_ftn2\" name=\"_ftnref2\">[2]<\/a>. Aujourd\u2019hui les ruines ont disparu presque compl\u00e8tement.<\/span><\/p>\n<p style=\"text-align: justify;\"><span style=\"color: #000000;\"><strong>Le mausol\u00e9e de Blossius ou Blossus\u00a0: <\/strong>Le monument a \u00e9t\u00e9 d\u00e9couvert en f\u00e9vrier 1898 dans le m\u00eame site de Furnos Minus. En 1901, la mosa\u00efque du milieu, Daniel dans la fosse aux lions, a \u00e9t\u00e9 enlev\u00e9e et transport\u00e9e au Bardo ainsi que l&rsquo;\u00e9pitaphe de Rutunda. La mosa\u00efque est actuellement expos\u00e9e dans la salle chr\u00e9tienne du rez de chauss\u00e9e. Par rapport \u00e0 la description de cet important mausol\u00e9e, No\u00ebl Duval dit\u00a0: \u00ab\u00a0La description du caveau a \u00e9t\u00e9 faite \u00e0 plusieurs reprises par Gauckler. Le sol se situait \u00e0 2 m 50 de profondeur (par rapport au niveau actuel) et l&rsquo;\u00e9difice \u00e9tait d\u00e9j\u00e0 souterrain dans l&rsquo;Antiquit\u00e9. Les murs en blocage mesurant, \u00e9taient conserv\u00e9s jusqu&rsquo;\u00e0 la naissance de la vo\u00fbte. Celle-ci devait \u00eatre une vo\u00fbte d&rsquo;ar\u00eates. Dans les murs \u00e9taient creus\u00e9s des arcosolia recouvrant des cuves ma\u00e7onn\u00e9es, hautes de 60 cm. Six, dans les parois autres que celle de l&rsquo;entr\u00e9e, \u00e9taient destin\u00e9s \u00e0 des adultes. De chaque c\u00f4t\u00e9 de l&rsquo;entr\u00e9e, deux plus petits devaient \u00eatre r\u00e9serv\u00e9s \u00e0 des enfants. Les tombes \u00e9taient toutes, sauf une, recouvertes de mosa\u00efques et formaient des caissons analogues \u00e0 ceux que l&rsquo;on a d\u00e9j\u00e0 signal\u00e9s \u00e0 Carthage et \u00e0 Tabarka; elles portaient chacune une \u00e9pitaphe, entour\u00e9e d&rsquo;attributs et de symboles chr\u00e9tiens, mais elles ont \u00e9t\u00e9 viol\u00e9es d\u00e8s l&rsquo;antiquit\u00e9 et ne conservent plus que de faibles d\u00e9bris de leur rev\u00eatement, qui n&rsquo;a pas \u00e9t\u00e9 autrement d\u00e9crit. Des mausol\u00e9es construits ou creus\u00e9s et vo\u00fbt\u00e9s ne sont pas tellement fr\u00e9quents dans les n\u00e9cropoles chr\u00e9tiennes d&rsquo;Afrique. Il en existe dans les annexes de Damous el Karita \u00e0 Carthage. Il faut nettement distinguer ces mausol\u00e9es rectangulaires des chapelles fun\u00e9raires comme celles de Carthage\u00bb<a style=\"color: #000000;\" href=\"#_ftn3\" name=\"_ftnref3\"><strong>[3]<\/strong><\/a>.<\/span><\/p>\n<p style=\"text-align: center;\"><a href=\"https:\/\/i0.wp.com\/archeologiechretienne.ive.org\/wp-content\/uploads\/2015\/08\/007.jpg\"><img data-recalc-dims=\"1\" loading=\"lazy\" decoding=\"async\" class=\"  wp-image-328 aligncenter\" src=\"https:\/\/i0.wp.com\/archeologiechretienne.ive.org\/wp-content\/uploads\/2015\/08\/007.jpg?resize=600%2C517\" alt=\"007\" width=\"600\" height=\"517\" srcset=\"https:\/\/i0.wp.com\/archeologiechretienne.ive.org\/wp-content\/uploads\/2015\/08\/007.jpg?w=752&amp;ssl=1 752w, https:\/\/i0.wp.com\/archeologiechretienne.ive.org\/wp-content\/uploads\/2015\/08\/007.jpg?resize=300%2C259&amp;ssl=1 300w, https:\/\/i0.wp.com\/archeologiechretienne.ive.org\/wp-content\/uploads\/2015\/08\/007.jpg?resize=174%2C150&amp;ssl=1 174w, https:\/\/i0.wp.com\/archeologiechretienne.ive.org\/wp-content\/uploads\/2015\/08\/007.jpg?resize=150%2C129&amp;ssl=1 150w\" sizes=\"auto, (max-width: 600px) 100vw, 600px\" \/><\/a>\u00a0<em>Reconstruction du mausol\u00e9e avec la mosa\u00efque de Daniel d\u2019apr\u00e8s Gauckler<\/em><\/p>\n<p style=\"text-align: justify;\"><span style=\"color: #000000;\"><strong>Sa signification pour l\u2019art chr\u00e9tien\u00a0: <\/strong>Daniel est pour les juifs et les chr\u00e9tiens un proph\u00e8te. Dans les saintes \u00e9critures de l\u2019Eglise Catholique <em>(la bible)<\/em>, Daniel est class\u00e9 parmi les Proph\u00e8tes, apr\u00e8s Ez\u00e9chiel. Cette mosa\u00efque est de profonde inspiration biblique, parce qu\u2019elle interpr\u00e8te, en effet, le chapitre 6, verset 12 \u00e0 26 du livre de Daniel, o\u00f9 il se retrouve dans la fosse aux lions pour avoir pri\u00e9 son Dieu alors qu\u2019il y avait l\u2019interdiction de le faire. Cependant Dieu ferme la gueule des lions\u2026 \u00abMon Dieu, dit Daniel, a envoy\u00e9 son ange et ferm\u00e9 la gueule des lions, qui ne m\u2019ont fait aucun mal, parce que j\u2019ai \u00e9t\u00e9 trouv\u00e9 innocent devant lui\u00a0; et devant toi non plus, \u00f4 roi, je n\u2019ai rien fait de mauvais. Alors le roi fut tr\u00e8s joyeux, et il ordonna qu\u2019on f\u00eet sortir Daniel de la fosse. Daniel fut retir\u00e9 de la fosse, et on ne trouva sur lui aucune blessure, parce qu\u2019il avait eu confiance en Dieu\u00bb (Dn 6, 22).<\/span><\/p>\n<p style=\"text-align: justify;\"><span style=\"color: #000000;\"><img data-recalc-dims=\"1\" decoding=\"async\" class=\" aligncenter\" src=\"https:\/\/i0.wp.com\/www.poster-en-kunstdrukken.nl\/media\/images\/popup\/buonarroti-michelangelo--sixtinische-kapelle-791246.jpg?w=980\" alt=\"http:\/\/www.poster-en-kunstdrukken.nl\/media\/images\/popup\/buonarroti-michelangelo--sixtinische-kapelle-791246.jpg\" \/>Cette image avait pour les chr\u00e9tiens des premiers si\u00e8cles, qui malgr\u00e9 la reconnaissance officielle de leur foi, vivaient dans un monde pa\u00efen et hostile \u00e0 la foi chr\u00e9tienne, une valeur morale et spirituelle tr\u00e8s forte lors des difficult\u00e9s et \u00e9ventuelles pers\u00e9cutions, et surtout un signe de confiance en Dieu qui prot\u00e8ge et sauve \u00e0 qui l\u2019invoque. La puissance de Dieu \u00e9tait pour les chr\u00e9tiens, motif d\u2019esp\u00e9rance. \u00abD\u00e9sormais il n\u2019est plus question de r\u00e9tribution seulement en cette vie. L\u2019annonce de la r\u00e9surrection de la chair, dans le livre de Daniel, s\u2019accompagne d\u2019une r\u00e9tribution extra-temporelle. Ceux qui auront \u00e9t\u00e9 fid\u00e8les \u00e0 Dieu trouveront la vie \u00e9ternelle; les autres \u00abs\u2019\u00e9veilleront pour l\u2019horreur \u00e9ternelle\u00bb (Dn 12, 2)<a style=\"color: #000000;\" href=\"#_ftn4\" name=\"_ftnref4\">[4]<\/a>.<\/span><\/p>\n<hr \/>\n<p>&nbsp;<\/p>\n<p><a href=\"#_ftnref1\" name=\"_ftn1\">[1]<\/a> Cf. DHEILLY, J, <em>Dictionnaire Biblique.<\/em> En voix <em>\u00ab\u00a0Daniel\u00a0\u00bb<\/em>. Belge, 1964, p. 252-254.<\/p>\n<p><a href=\"#_ftnref2\" name=\"_ftn2\">[2]<\/a> Cf. DUVAL, No\u00ebl et CINTAS, Marcel, <em>VI. Basiliques et mosa\u00efques fun\u00e9raires de Furnos Minus.<\/em> In: M\u00e9langes de l&rsquo;Ecole fran\u00e7aise de Rome. Antiquit\u00e9 T. 90, N\u00b02. 1978. pp. 871-950.<\/p>\n<p><a href=\"#_ftnref3\" name=\"_ftn3\">[3]<\/a> Cf. DUVAL et CINTAS, op. cit. p. 909.<\/p>\n<p><a href=\"#_ftnref4\" name=\"_ftn4\">[4]<\/a> Cf. DHEILL,Y, op. cit. p. 254.<\/p>\n","protected":false},"excerpt":{"rendered":"<p>Le nom de cette salle peut \u00eatre comprit, en r\u00e9f\u00e9rence au grand empereur romain qui, par l\u2019\u00e9dit de Milan en avril 313 reconnut officiellement l\u2019existence d\u2019un christianisme jusqu\u2019alors interdit et pers\u00e9cut\u00e9 dans l\u2019empire. La salle expose en effet des mosa\u00efques chr\u00e9tiennes et des \u0153uvres chr\u00e9tiennes r\u00e9alis\u00e9es juste apr\u00e8s cette reconnaissance \u2026<\/p>\n<p class=\"continue-reading-button\"> <a class=\"continue-reading-link\" href=\"https:\/\/archeologiechretienne.ive.org\/?p=326\">Continuer \u00e0 lire<i class=\"crycon-right-dir\"><\/i><\/a><\/p>\n","protected":false},"author":1,"featured_media":328,"comment_status":"open","ping_status":"open","sticky":false,"template":"","format":"standard","meta":{"jetpack_post_was_ever_published":false,"_jetpack_newsletter_access":"","_jetpack_dont_email_post_to_subs":false,"_jetpack_newsletter_tier_id":0,"_jetpack_memberships_contains_paywalled_content":false,"_jetpack_memberships_contains_paid_content":false,"footnotes":"","jetpack_publicize_message":"","jetpack_publicize_feature_enabled":true,"jetpack_social_post_already_shared":true,"jetpack_social_options":{"image_generator_settings":{"template":"highway","default_image_id":0,"font":"","enabled":false},"version":2}},"categories":[98],"tags":[17,27,56,108,105,66,107,106,18],"class_list":["post-326","post","type-post","status-publish","format-standard","has-post-thumbnail","hentry","category-art-chretien","tag-afrique-du-nord","tag-archeologie-chretienne","tag-art-chretien","tag-blossius","tag-daniel","tag-diocese-de-tunis","tag-eglise-carholique","tag-prophete","tag-tunisie"],"jetpack_publicize_connections":[],"jetpack_featured_media_url":"https:\/\/i0.wp.com\/archeologiechretienne.ive.org\/wp-content\/uploads\/2015\/08\/007.jpg?fit=752%2C648&ssl=1","jetpack_sharing_enabled":true,"jetpack_shortlink":"https:\/\/wp.me\/p5FzU9-5g","_links":{"self":[{"href":"https:\/\/archeologiechretienne.ive.org\/index.php?rest_route=\/wp\/v2\/posts\/326","targetHints":{"allow":["GET"]}}],"collection":[{"href":"https:\/\/archeologiechretienne.ive.org\/index.php?rest_route=\/wp\/v2\/posts"}],"about":[{"href":"https:\/\/archeologiechretienne.ive.org\/index.php?rest_route=\/wp\/v2\/types\/post"}],"author":[{"embeddable":true,"href":"https:\/\/archeologiechretienne.ive.org\/index.php?rest_route=\/wp\/v2\/users\/1"}],"replies":[{"embeddable":true,"href":"https:\/\/archeologiechretienne.ive.org\/index.php?rest_route=%2Fwp%2Fv2%2Fcomments&post=326"}],"version-history":[{"count":1,"href":"https:\/\/archeologiechretienne.ive.org\/index.php?rest_route=\/wp\/v2\/posts\/326\/revisions"}],"predecessor-version":[{"id":329,"href":"https:\/\/archeologiechretienne.ive.org\/index.php?rest_route=\/wp\/v2\/posts\/326\/revisions\/329"}],"wp:featuredmedia":[{"embeddable":true,"href":"https:\/\/archeologiechretienne.ive.org\/index.php?rest_route=\/wp\/v2\/media\/328"}],"wp:attachment":[{"href":"https:\/\/archeologiechretienne.ive.org\/index.php?rest_route=%2Fwp%2Fv2%2Fmedia&parent=326"}],"wp:term":[{"taxonomy":"category","embeddable":true,"href":"https:\/\/archeologiechretienne.ive.org\/index.php?rest_route=%2Fwp%2Fv2%2Fcategories&post=326"},{"taxonomy":"post_tag","embeddable":true,"href":"https:\/\/archeologiechretienne.ive.org\/index.php?rest_route=%2Fwp%2Fv2%2Ftags&post=326"}],"curies":[{"name":"wp","href":"https:\/\/api.w.org\/{rel}","templated":true}]}}