{"id":338,"date":"2015-08-21T09:15:03","date_gmt":"2015-08-21T09:15:03","guid":{"rendered":"http:\/\/archeologiechretienne.ive.org\/?p=338"},"modified":"2015-08-21T09:15:03","modified_gmt":"2015-08-21T09:15:03","slug":"le-sarcophage-du-bon-pasteur","status":"publish","type":"post","link":"https:\/\/archeologiechretienne.ive.org\/?p=338","title":{"rendered":"LE SARCOPHAGE DU BON PASTEUR"},"content":{"rendered":"<p style=\"text-align: justify;\">La figure du Bon Pasteur et de l\u2019orante dans les fragments du sarcophage que nous voyons \u00e0 c\u00f4t\u00e9 du baptist\u00e8re sur le mur, au mus\u00e9e du Bardo en Tunisie, est l\u2019une des premi\u00e8res repr\u00e9sentations du Christ et de l\u2019\u00e2me chr\u00e9tienne en Afrique du Nord. Rentrons dans les d\u00e9tails.<\/p>\n<p style=\"text-align: justify;\"><a href=\"https:\/\/i0.wp.com\/archeologiechretienne.ive.org\/wp-content\/uploads\/2015\/08\/010.jpg\"><img data-recalc-dims=\"1\" loading=\"lazy\" decoding=\"async\" class=\" wp-image-339 alignleft\" src=\"https:\/\/i0.wp.com\/archeologiechretienne.ive.org\/wp-content\/uploads\/2015\/08\/010.jpg?resize=176%2C447\" alt=\"institut du verbe incarne\" width=\"176\" height=\"447\" srcset=\"https:\/\/i0.wp.com\/archeologiechretienne.ive.org\/wp-content\/uploads\/2015\/08\/010.jpg?w=272&amp;ssl=1 272w, https:\/\/i0.wp.com\/archeologiechretienne.ive.org\/wp-content\/uploads\/2015\/08\/010.jpg?resize=118%2C300&amp;ssl=1 118w, https:\/\/i0.wp.com\/archeologiechretienne.ive.org\/wp-content\/uploads\/2015\/08\/010.jpg?resize=59%2C150&amp;ssl=1 59w\" sizes=\"auto, (max-width: 176px) 100vw, 176px\" \/><\/a><strong>1 &#8211; Comment sont-ils repr\u00e9sent\u00e9s ?<a href=\"#_ftn1\" name=\"_ftnref1\"><strong>[1]<\/strong><\/a> <\/strong><\/p>\n<p style=\"text-align: justify;\">\u00abIl ne prend pas les attributs dont on affuble, habituellement les dieux. Il prend la figure d&rsquo;un simple berger. La plupart du temps, il est v\u00eatu d&rsquo;une ceinture, d&rsquo;o\u00f9 pend une gourde, ou une besace, des sandales, des jambi\u00e8res ou des gu\u00eatres, et il tient des deux mains, les pattes de la brebis perdue qu&rsquo;il ram\u00e8ne au bercail. Quand une main est libre, il tient le b\u00e2ton des p\u00e2tres, la fl\u00fbte de Pan, et dans ce cas, s&rsquo;identifiant au po\u00e8te l\u00e9gendaire venu de Thrace, il est le nouvel Orph\u00e9e, qui apporte au monde le chant sauveur de l&rsquo;Evangile.<\/p>\n<p style=\"text-align: justify;\">Bien souvent c&rsquo;est un adolescent, aux cheveux boucl\u00e9s, le regard en avant, la d\u00e9marche alerte, \u00e9l\u00e9gante. Bref, il est l&rsquo;homme id\u00e9al tel qu&rsquo;il hantait l&rsquo;imaginaire des pa\u00efens depuis la Gr\u00e8ce et les chr\u00e9tiens devaient aimer penser que leur Sauveur f\u00fbt aussi cet homme. L&rsquo;expression du Pasteur n&rsquo;est jamais individualis\u00e9e. C&rsquo;est le symbole qui compte: la jeunesse d\u00e9fie la puissance du temps. Toujours jeune, le Pasteur est de tous les temps, hors du temps. Pour reprendre l&rsquo;expression de P\u00e9guy on dirait \u00abJeune ensemble qu&rsquo;\u00e9ternel\u00bb. La figure pastorale est ordinairement situ\u00e9e dans un cadre naturel, elle est entour\u00e9e de brebis, deux le plus souvent qui r\u00e9sument le troupeau, d&rsquo;arbres, o\u00f9 nichent des oiseaux, de prairies et de fleurs qui symbolisent le lieu paradisiaque.<\/p>\n<p style=\"text-align: justify;\"><strong>L&rsquo;orante,<\/strong> neuf fois sur dix est f\u00e9minine, car elle symbolise moins le d\u00e9funt, \u00e0 quelque sexe qu&rsquo;il appartienne, que l&rsquo;\u00e2me du d\u00e9funt, ou la pri\u00e8re qu&rsquo;il fait pour son salut, quand ce n&rsquo;est pas la pri\u00e8re de celui qui jouit de la vision b\u00e9atifique\u00bb.<\/p>\n<p style=\"text-align: justify;\"><strong>2 &#8211; Une image emprunt\u00e9e <\/strong><\/p>\n<p style=\"text-align: justify;\">\u00abBien qu&rsquo;elle soit consid\u00e9r\u00e9e comme la figure exemplaire de l&rsquo;art chr\u00e9tien, l&rsquo;image du Pasteur fut emprunt\u00e9e au paganisme, de m\u00eame que celle de l&rsquo;orante, et bien d&rsquo;autres encore. Ces emprunts ont surpris les historiens de l&rsquo;art. Comment se fait-il qu&rsquo;une religion aussi vigoureuse, aussi originale que le christianisme n&rsquo;ait pas pu cr\u00e9er ses propres images? Quelques \u00e9l\u00e9ments de r\u00e9ponse \u00e0 cela: On peut r\u00e9pondre que les sp\u00e9cialistes de l&rsquo;art fun\u00e9raire \u00e9taient de simples artisans qui recouraient \u00e0 des mod\u00e8les \u00e9prouv\u00e9s. Mais une autre raison m\u00e9rite d&rsquo;\u00eatre relev\u00e9e, car il y va de l&rsquo;essence du christianisme, en particulier du myst\u00e8re de l&rsquo;incarnation.<\/p>\n<p style=\"text-align: center;\"><a href=\"https:\/\/i0.wp.com\/archeologiechretienne.ive.org\/wp-content\/uploads\/2015\/08\/012.jpg\"><img data-recalc-dims=\"1\" loading=\"lazy\" decoding=\"async\" class=\"alignnone  wp-image-341\" src=\"https:\/\/i0.wp.com\/archeologiechretienne.ive.org\/wp-content\/uploads\/2015\/08\/012.jpg?resize=503%2C378\" alt=\"institut du verbe incarne\" width=\"503\" height=\"378\" srcset=\"https:\/\/i0.wp.com\/archeologiechretienne.ive.org\/wp-content\/uploads\/2015\/08\/012.jpg?w=579&amp;ssl=1 579w, https:\/\/i0.wp.com\/archeologiechretienne.ive.org\/wp-content\/uploads\/2015\/08\/012.jpg?resize=300%2C225&amp;ssl=1 300w, https:\/\/i0.wp.com\/archeologiechretienne.ive.org\/wp-content\/uploads\/2015\/08\/012.jpg?resize=200%2C150&amp;ssl=1 200w, https:\/\/i0.wp.com\/archeologiechretienne.ive.org\/wp-content\/uploads\/2015\/08\/012.jpg?resize=150%2C113&amp;ssl=1 150w\" sizes=\"auto, (max-width: 503px) 100vw, 503px\" \/><\/a><\/p>\n<p style=\"text-align: justify;\">Le message chr\u00e9tien tout c\u00e9leste qu&rsquo;il soit ne peut pas ne point reprendre le langage et les images des hommes, et en m\u00eame temps, c&rsquo;est une mani\u00e8re de t\u00e9moigner que Dieu est venu r\u00e9ellement parmi eux. Et on peut dire, \u00e0 la suite de Tertullien, que l&rsquo;image du pasteur, comme celle de l&rsquo;orante, ne sont pas n\u00e9es chr\u00e9tiennes, elles le devinrent\u2026 Ainsi donc repr\u00e9senter le Sauveur avec les traits du Pasteur pouvait r\u00e9veiller dans les consciences, une image latente, symbolique et salvatrice de Dieu\u00a0\u00bb.<\/p>\n<p style=\"text-align: justify;\"><strong>3- Remarques sur la symbolique <\/strong><\/p>\n<p style=\"text-align: justify;\">1-L&rsquo;image du Bon Pasteur est voil\u00e9e, afin que seul puisse la d\u00e9voiler celui qui pressentait la part d&rsquo;invisible qu&rsquo;elle d\u00e9tenait.<\/p>\n<p style=\"text-align: justify;\">2 &#8211; L&rsquo;esp\u00e9rance du salut est si envahissante, qu&rsquo;elle fait ignorer les th\u00e8mes habituels de l&rsquo;art fun\u00e9raire. C&rsquo;est un art fun\u00e9raire \u00abo\u00f9 la mort est absente. On ne devra jamais cesser de s&rsquo;en \u00e9tonner, car \u00e0 la mesure de cet \u00e9tonnement, on se rendra capable de toucher la nappe profonde o\u00f9 s&rsquo;origine, se trie et se d\u00e9termine la production des images pal\u00e9ochr\u00e9tiennes: \u00abla confiance illimit\u00e9e en l&rsquo;avenir des \u00e2mes\u00bb, qui s&rsquo;\u00e9taient mises sous la protection du \u00abGrand Pasteur\u00bb des brebis (He 13, 20) le v\u00e9ritable ami des hommes: \u00abSi le propre de l&rsquo;art est de dresser des images contre la mort, nul art n&rsquo;a mieux rempli ce r\u00f4le que le premier art chr\u00e9tien\u00bb. Ernst Bloch\u00a0\u00bb.<\/p>\n<p style=\"text-align: justify;\"><a href=\"https:\/\/i0.wp.com\/archeologiechretienne.ive.org\/wp-content\/uploads\/2015\/08\/011.jpg\"><img data-recalc-dims=\"1\" loading=\"lazy\" decoding=\"async\" class=\"wp-image-340 aligncenter\" src=\"https:\/\/i0.wp.com\/archeologiechretienne.ive.org\/wp-content\/uploads\/2015\/08\/011.jpg?resize=623%2C466\" alt=\"institut du verbe incarne\" width=\"623\" height=\"466\" srcset=\"https:\/\/i0.wp.com\/archeologiechretienne.ive.org\/wp-content\/uploads\/2015\/08\/011.jpg?w=719&amp;ssl=1 719w, https:\/\/i0.wp.com\/archeologiechretienne.ive.org\/wp-content\/uploads\/2015\/08\/011.jpg?resize=300%2C224&amp;ssl=1 300w, https:\/\/i0.wp.com\/archeologiechretienne.ive.org\/wp-content\/uploads\/2015\/08\/011.jpg?resize=200%2C150&amp;ssl=1 200w, https:\/\/i0.wp.com\/archeologiechretienne.ive.org\/wp-content\/uploads\/2015\/08\/011.jpg?resize=150%2C112&amp;ssl=1 150w\" sizes=\"auto, (max-width: 623px) 100vw, 623px\" \/><\/a><\/p>\n<hr \/>\n<p>&nbsp;<\/p>\n<p><a href=\"#_ftnref1\" name=\"_ftn1\">[1]<\/a> Cf. L\u2019art pal\u00e9ochr\u00e9tien, Cahiers de culture religieuse, 1997 en <a href=\"http:\/\/www.enseignement-et-religions.org\">www.enseignement-et-religions.org<\/a>.<\/p>\n<p>&nbsp;<\/p>\n","protected":false},"excerpt":{"rendered":"<p>La figure du Bon Pasteur et de l\u2019orante dans les fragments du sarcophage que nous voyons \u00e0 c\u00f4t\u00e9 du baptist\u00e8re sur le mur, au mus\u00e9e du Bardo en Tunisie, est l\u2019une des premi\u00e8res repr\u00e9sentations du Christ et de l\u2019\u00e2me chr\u00e9tienne en Afrique du Nord. Rentrons dans les d\u00e9tails. 1 &#8211; \u2026<\/p>\n<p class=\"continue-reading-button\"> <a class=\"continue-reading-link\" href=\"https:\/\/archeologiechretienne.ive.org\/?p=338\">Continuer \u00e0 lire<i class=\"crycon-right-dir\"><\/i><\/a><\/p>\n","protected":false},"author":1,"featured_media":342,"comment_status":"open","ping_status":"open","sticky":false,"template":"","format":"standard","meta":{"jetpack_post_was_ever_published":false,"_jetpack_newsletter_access":"","_jetpack_dont_email_post_to_subs":false,"_jetpack_newsletter_tier_id":0,"_jetpack_memberships_contains_paywalled_content":false,"_jetpack_memberships_contains_paid_content":false,"footnotes":"","jetpack_publicize_message":"","jetpack_publicize_feature_enabled":true,"jetpack_social_post_already_shared":true,"jetpack_social_options":{"image_generator_settings":{"template":"highway","default_image_id":0,"font":"","enabled":false},"version":2}},"categories":[98],"tags":[17,27,56,111,46,112,18],"class_list":["post-338","post","type-post","status-publish","format-standard","has-post-thumbnail","hentry","category-art-chretien","tag-afrique-du-nord","tag-archeologie-chretienne","tag-art-chretien","tag-bon-pasteur","tag-eglise-catholique","tag-institut-du-verbe-incarne","tag-tunisie"],"jetpack_publicize_connections":[],"jetpack_featured_media_url":"https:\/\/i0.wp.com\/archeologiechretienne.ive.org\/wp-content\/uploads\/2015\/08\/Christ-Bon-Pasteur-mosa%C3%AFque-de-San-Lorenzo-d%C3%A9tail.jpg?fit=745%2C360&ssl=1","jetpack_sharing_enabled":true,"jetpack_shortlink":"https:\/\/wp.me\/p5FzU9-5s","_links":{"self":[{"href":"https:\/\/archeologiechretienne.ive.org\/index.php?rest_route=\/wp\/v2\/posts\/338","targetHints":{"allow":["GET"]}}],"collection":[{"href":"https:\/\/archeologiechretienne.ive.org\/index.php?rest_route=\/wp\/v2\/posts"}],"about":[{"href":"https:\/\/archeologiechretienne.ive.org\/index.php?rest_route=\/wp\/v2\/types\/post"}],"author":[{"embeddable":true,"href":"https:\/\/archeologiechretienne.ive.org\/index.php?rest_route=\/wp\/v2\/users\/1"}],"replies":[{"embeddable":true,"href":"https:\/\/archeologiechretienne.ive.org\/index.php?rest_route=%2Fwp%2Fv2%2Fcomments&post=338"}],"version-history":[{"count":1,"href":"https:\/\/archeologiechretienne.ive.org\/index.php?rest_route=\/wp\/v2\/posts\/338\/revisions"}],"predecessor-version":[{"id":343,"href":"https:\/\/archeologiechretienne.ive.org\/index.php?rest_route=\/wp\/v2\/posts\/338\/revisions\/343"}],"wp:featuredmedia":[{"embeddable":true,"href":"https:\/\/archeologiechretienne.ive.org\/index.php?rest_route=\/wp\/v2\/media\/342"}],"wp:attachment":[{"href":"https:\/\/archeologiechretienne.ive.org\/index.php?rest_route=%2Fwp%2Fv2%2Fmedia&parent=338"}],"wp:term":[{"taxonomy":"category","embeddable":true,"href":"https:\/\/archeologiechretienne.ive.org\/index.php?rest_route=%2Fwp%2Fv2%2Fcategories&post=338"},{"taxonomy":"post_tag","embeddable":true,"href":"https:\/\/archeologiechretienne.ive.org\/index.php?rest_route=%2Fwp%2Fv2%2Ftags&post=338"}],"curies":[{"name":"wp","href":"https:\/\/api.w.org\/{rel}","templated":true}]}}