{"id":345,"date":"2015-09-01T10:34:06","date_gmt":"2015-09-01T10:34:06","guid":{"rendered":"http:\/\/archeologiechretienne.ive.org\/?p=345"},"modified":"2015-09-01T10:34:06","modified_gmt":"2015-09-01T10:34:06","slug":"la-salle-ecclesia-mater-au-bardo","status":"publish","type":"post","link":"https:\/\/archeologiechretienne.ive.org\/?p=345","title":{"rendered":"LA SALLE &laquo;&nbsp;ECCLESIA MATER&nbsp;&raquo; AU BARDO"},"content":{"rendered":"<p style=\"text-align: center;\"><span style=\"color: #000000;\"><strong>LA SALLE &laquo;&nbsp;ECCLESIA MATER\u201d AU MUSEE DU BARDO<br \/>\n<\/strong><\/span><\/p>\n<p style=\"text-align: justify;\"><span style=\"color: #000000;\">Cette salle tient son nom de la mosa\u00efque la plus importante: <strong>&laquo;&nbsp;Valentia Ecclesia Mater in pace&nbsp;&raquo;. <\/strong><\/span><\/p>\n<p style=\"text-align: justify;\"><span style=\"color: #000000;\"><strong>1- La mosa\u00efque de la d\u00e9dicace de la Cath\u00e9drale de Ha\u00efdra<\/strong><\/span><\/p>\n<p style=\"text-align: justify;\"><span style=\"color: #000000;\">La <strong>\u00abd\u00e9dicace\u00bb<\/strong> des \u00e9glises peut se d\u00e9finir comme \u00abune action sainte ou plut\u00f4t un ensemble d&rsquo;actions saintes et solennelles, d\u00e9termin\u00e9es par l&rsquo;Eglise et dont l&rsquo;effet est de rendre un \u00e9difice, sacr\u00e9 de profane qu&rsquo;il \u00e9tait, d\u00e9di\u00e9 pour toujours \u00e0 Dieu et \u00e0 son culte, par un ministre l\u00e9gitime, afin que dans cet \u00e9difice on puisse accomplir les fonctions divines et eccl\u00e9siastiques\u00bb<a style=\"color: #000000;\" href=\"#_ftn1\" name=\"_ftnref1\"><strong>[1]<\/strong><\/a>.<\/span><\/p>\n<p style=\"text-align: justify;\"><img data-recalc-dims=\"1\" loading=\"lazy\" decoding=\"async\" class=\"shrinkToFit aligncenter\" src=\"https:\/\/bedhioufihafsi.files.wordpress.com\/2013\/07\/vue-haidra1.jpg?resize=566%2C424\" alt=\"https:\/\/bedhioufihafsi.files.wordpress.com\/2013\/07\/vue-haidra1.jpg\" width=\"566\" height=\"424\" \/><\/p>\n<p style=\"text-align: justify;\"><span style=\"color: #000000;\">Primitivement, dans l&rsquo;antique liturgie romaine, il semble bien que toute la c\u00e9r\u00e9monie consistait dans la cons\u00e9cration d&rsquo;un autel dress\u00e9 sur le tombeau d&rsquo;un martyr et dans la c\u00e9l\u00e9bration solennelle de la messe sur cet autel. D\u00e9dier un temple <em>(dedicare en latin)<\/em> \u00e9tait l&rsquo;inaugurer en l&rsquo;appliquant pour la premi\u00e8re fois \u00e0 l&rsquo;usage auquel il \u00e9tait destin\u00e9. C&rsquo;est ce que saint Augustin appelle l&rsquo;<strong><em>\u00abenc\u0153nia festivitas\u00bb<a style=\"color: #000000;\" href=\"#_ftn2\" name=\"_ftnref2\"><strong>[2]<\/strong><\/a>,<\/em><\/strong> proprement, initier, placer un objet dans l&rsquo;endroit qui lui est destin\u00e9. L\u2019\u00e9v\u00e9nement attirait souvent un concours consid\u00e9rable de fid\u00e8les, on faisait suivre la c\u00e9r\u00e9monie d&rsquo;un repas et sous pr\u00e9texte d&rsquo;honorer la m\u00e9moire des martyrs on tomba dans les exc\u00e8s et d\u00e9sordres des pa\u00efens qui avaient leurs anniversaires \u00abmarqu\u00e9s\u00bb par des sacrifices: il fallut r\u00e9primer ces abus des d\u00e9dicaces<a style=\"color: #000000;\" href=\"#_ftn3\" name=\"_ftnref3\">[3]<\/a>.<\/span><\/p>\n<p style=\"text-align: justify;\"><span style=\"color: #000000;\">Saint C\u00e9saire d\u2019Arles dans une hom\u00e9lie pour la d\u00e9dicace d\u2019une \u00e9glise nous transmet le sens spirituel de cette f\u00eate pour les chr\u00e9tiens: \u00ab\u2026Par cons\u00e9quent, mes tr\u00e8s chers, si nous voulons c\u00e9l\u00e9brer dans la joie l\u2019anniversaire d\u2019une \u00e9glise, nous ne devons pas d\u00e9truire en nous, par de mauvaises actions, les temples vivants de Dieu. Et je dis cela pour que tous puissent comprendre: chaque fois que nous venons \u00e0 l\u2019\u00e9glise, nous devons pr\u00e9parer nos \u00e2mes pour qu\u2019elles soient telles que nous voulons trouver cette \u00e9glise. Tu veux trouver une basilique brillante\u00a0? Ne souille pas ton \u00e2me par la salet\u00e9 des p\u00e9ch\u00e9s. Si tu veux que la basilique soit \u00e9clair\u00e9e, et Dieu aussi le veut, que la lumi\u00e8re des bonnes \u0153uvres brille en nous, et celui qui est aux cieux sera glorifi\u00e9. De m\u00eame que tu entres dans cette \u00e9glise, c\u2019est ainsi que Dieu veut entrer dans ton \u00e2me, comme lui-m\u00eame l\u2019a dit: J\u2019habiterai et je marcherai au milieu d\u2019eux\u00bb.<\/span><\/p>\n<p style=\"text-align: justify;\"><span style=\"color: #000000;\"><strong>2- Le sarcophage de la chr\u00e9tienne \u201cTallia\u201d<\/strong><\/span><\/p>\n<p style=\"text-align: justify;\"><span style=\"color: #000000;\">D\u00e8s la deuxi\u00e8me moiti\u00e9 du III<sup>\u00e8me<\/sup> si\u00e8cle, la production des sarcophages est surtout concentr\u00e9e \u00e0 Rome, o\u00f9 elle restera importante jusqu&rsquo;au d\u00e9but du V<sup>\u00e8me<\/sup> si\u00e8cle. Cependant il existe aussi des ateliers r\u00e9gionaux, comme ceux de <strong>Marseille et de Carthage<\/strong>. Ce sont souvent les m\u00eames ateliers qui produisent des \u0153uvres chr\u00e9tiennes et celles qu&rsquo;on peut appeler \u00abpa\u00efennes\u00bb. C&rsquo;est pour cette raison que le d\u00e9cor des sarcophages chr\u00e9tiens reste conforme aux pratiques de l&rsquo;\u00e9poque.<\/span><\/p>\n<p style=\"text-align: justify;\"><img data-recalc-dims=\"1\" loading=\"lazy\" decoding=\"async\" class=\"aligncenter\" src=\"https:\/\/i0.wp.com\/musiquesvoyages.m.u.pic.centerblog.net\/tunis_bardo_0793.jpg?resize=594%2C396\" alt=\"http:\/\/musiquesvoyages.m.u.pic.centerblog.net\/tunis_bardo_0793.jpg\" width=\"594\" height=\"396\" \/><\/p>\n<p style=\"text-align: justify;\"><span style=\"color: #000000;\">Ce beau sarcophage de \u00abTallia\u00bb, est consid\u00e9r\u00e9 du type \u00e0 strigiles (ce dernier type, qui d\u00e9rive de la cuve pour la fermentation du vin, \u00e0 l&rsquo;origine en forme de baignoire orn\u00e9e de t\u00eates de lion par lesquelles l&rsquo;on faisait couler le vin, \u00e9tait d\u00e9cor\u00e9 de sc\u00e8nes dionysiaques et de cannelures parall\u00e8les en forme de s). Et il porte au milieu le clipeus ou bouclier portant le nom du d\u00e9funt<a style=\"color: #000000;\" href=\"#_ftn4\" name=\"_ftnref4\">[4]<\/a>. Nous y trouverons plusieurs images bibliques en bas-relief dont la plus significative est celle de Jonas. <\/span><\/p>\n<p style=\"text-align: justify;\"><span style=\"color: #000000;\">Jonas est un proph\u00e8te, qui avant J\u00e9sus-Christ, re\u00e7oit l\u2019ordre d\u2019aller pr\u00eacher la conversion aux ninivites. Il refuse et s\u2019embarque pour Tharsis. Bient\u00f4t survient la temp\u00eate; les marins l\u2019en rendent responsable et le jettent \u00e0 la mer. Englouti par un \u00e9norme poisson, Jonas prie le Seigneur. Au bout de 3 jours, il est rejet\u00e9 sur une plage et gagne Ninive. Les habitants se convertissent et Dieu leur pardonne. Le proph\u00e8te est m\u00e9content, mais Dieu lui explique alors le motif de sa mis\u00e9ricorde.<\/span><\/p>\n<p style=\"text-align: justify;\"><img data-recalc-dims=\"1\" loading=\"lazy\" decoding=\"async\" class=\"aligncenter\" src=\"https:\/\/i0.wp.com\/www.fotoviajero.com\/image\/jonas-et-la-baleine_1519_big.jpg?resize=568%2C303\" alt=\"http:\/\/www.fotoviajero.com\/image\/jonas-et-la-baleine_1519_big.jpg\" width=\"568\" height=\"303\" \/><\/p>\n<p style=\"text-align: justify;\"><span style=\"color: #000000;\">Cette image deviendra importante pour les chr\u00e9tiens, parce que \u00abdans l\u2019\u00e9vangile, J\u00e9sus utilisera la le\u00e7on d\u2019universalisme de Jonas, en donnant en exemple la conversion des Ninivites. En outre, il fera du proph\u00e8te enferm\u00e9 dans le ventre du poisson une figure du Christ au tombeau, attendant sa r\u00e9surrection (Mt 12, 38-42). En effet l\u2019iconographie de Jonas appara\u00eet surtout aux premiers si\u00e8cles du christianisme et dispara\u00eet d\u00e9finitivement \u00e0 partir de la Renaissance. Le th\u00e8me se rencontre principalement dans les peintures des catacombes \u00e0 Rome et les bas-reliefs des sarcophages. Il est trait\u00e9 comme une pr\u00e9figure de la mise au tombeau et de la r\u00e9surrection du Christ\u00a0\u00bb<a style=\"color: #000000;\" href=\"#_ftn5\" name=\"_ftnref5\">[5]<\/a>. <\/span><\/p>\n<hr \/>\n<p style=\"text-align: justify;\">\n<p style=\"text-align: justify;\"><span style=\"color: #000000;\"><a style=\"color: #000000;\" href=\"#_ftnref1\" name=\"_ftn1\">[1]<\/a> Cf. BAUDOT, Jules, <em>La d\u00e9dicace des Eglises<\/em>, Paris 1909, p. 3-4.<\/span><\/p>\n<p style=\"text-align: justify;\"><span style=\"color: #000000;\"><a style=\"color: #000000;\" href=\"#_ftnref2\" name=\"_ftn2\">[2]<\/a> Le passage de Saint Augustin est au tract. 48 in Jean. P. L., t. XXXV, col. 174<\/span><\/p>\n<p style=\"text-align: justify;\"><span style=\"color: #000000;\"><a style=\"color: #000000;\" href=\"#_ftnref3\" name=\"_ftn3\">[3]<\/a> Voir dans Saint Gr\u00e9goire le Grand, Homilie. XIV in \u00e9vangile. P. L., t. LXXVJ, col. 1130, une allusion \u00e0 ces concours de peuples, et dans ses lettres Epist. 76 du livre XI, t. LXXVII, col. 1215, une plainte au sujet de ces abus.<\/span><\/p>\n<p><span style=\"color: #000000;\"><a style=\"color: #000000;\" href=\"#_ftnref4\" name=\"_ftn4\">[4]<\/a> CUMONT, Franz &amp; Acad\u00e9mie des inscriptions &amp; belles-lettres, <em>Recherches sur le symbolisme fun\u00e9raire des Romains<\/em>, Paris, 1942, p.543.<\/span><\/p>\n<p><span style=\"color: #000000;\"><a style=\"color: #000000;\" href=\"#_ftnref5\" name=\"_ftn5\">[5]<\/a> Cf. DHEILLY, J, <em>Dictionnaire Biblique, <\/em>en voix <em>\u00abJonas\u00bb<\/em>, Belge 1964, p. 601-602.<\/span><\/p>\n","protected":false},"excerpt":{"rendered":"<p>LA SALLE &laquo;&nbsp;ECCLESIA MATER\u201d AU MUSEE DU BARDO Cette salle tient son nom de la mosa\u00efque la plus importante: &laquo;&nbsp;Valentia Ecclesia Mater in pace&nbsp;&raquo;. 1- La mosa\u00efque de la d\u00e9dicace de la Cath\u00e9drale de Ha\u00efdra La \u00abd\u00e9dicace\u00bb des \u00e9glises peut se d\u00e9finir comme \u00abune action sainte ou plut\u00f4t un ensemble \u2026<\/p>\n<p class=\"continue-reading-button\"> <a class=\"continue-reading-link\" href=\"https:\/\/archeologiechretienne.ive.org\/?p=345\">Continuer \u00e0 lire<i class=\"crycon-right-dir\"><\/i><\/a><\/p>\n","protected":false},"author":1,"featured_media":346,"comment_status":"open","ping_status":"open","sticky":false,"template":"","format":"standard","meta":{"jetpack_post_was_ever_published":false,"_jetpack_newsletter_access":"","_jetpack_dont_email_post_to_subs":false,"_jetpack_newsletter_tier_id":0,"_jetpack_memberships_contains_paywalled_content":false,"_jetpack_memberships_contains_paid_content":false,"footnotes":"","jetpack_publicize_message":"","jetpack_publicize_feature_enabled":true,"jetpack_social_post_already_shared":true,"jetpack_social_options":{"image_generator_settings":{"template":"highway","default_image_id":0,"font":"","enabled":false},"version":2}},"categories":[98],"tags":[17,27,46,100,113,18],"class_list":["post-345","post","type-post","status-publish","format-standard","has-post-thumbnail","hentry","category-art-chretien","tag-afrique-du-nord","tag-archeologie-chretienne","tag-eglise-catholique","tag-musee-du-bardo","tag-sarcophage","tag-tunisie"],"jetpack_publicize_connections":[],"jetpack_featured_media_url":"https:\/\/i0.wp.com\/archeologiechretienne.ive.org\/wp-content\/uploads\/2015\/09\/014.jpg?fit=499%2C333&ssl=1","jetpack_sharing_enabled":true,"jetpack_shortlink":"https:\/\/wp.me\/p5FzU9-5z","_links":{"self":[{"href":"https:\/\/archeologiechretienne.ive.org\/index.php?rest_route=\/wp\/v2\/posts\/345","targetHints":{"allow":["GET"]}}],"collection":[{"href":"https:\/\/archeologiechretienne.ive.org\/index.php?rest_route=\/wp\/v2\/posts"}],"about":[{"href":"https:\/\/archeologiechretienne.ive.org\/index.php?rest_route=\/wp\/v2\/types\/post"}],"author":[{"embeddable":true,"href":"https:\/\/archeologiechretienne.ive.org\/index.php?rest_route=\/wp\/v2\/users\/1"}],"replies":[{"embeddable":true,"href":"https:\/\/archeologiechretienne.ive.org\/index.php?rest_route=%2Fwp%2Fv2%2Fcomments&post=345"}],"version-history":[{"count":1,"href":"https:\/\/archeologiechretienne.ive.org\/index.php?rest_route=\/wp\/v2\/posts\/345\/revisions"}],"predecessor-version":[{"id":347,"href":"https:\/\/archeologiechretienne.ive.org\/index.php?rest_route=\/wp\/v2\/posts\/345\/revisions\/347"}],"wp:featuredmedia":[{"embeddable":true,"href":"https:\/\/archeologiechretienne.ive.org\/index.php?rest_route=\/wp\/v2\/media\/346"}],"wp:attachment":[{"href":"https:\/\/archeologiechretienne.ive.org\/index.php?rest_route=%2Fwp%2Fv2%2Fmedia&parent=345"}],"wp:term":[{"taxonomy":"category","embeddable":true,"href":"https:\/\/archeologiechretienne.ive.org\/index.php?rest_route=%2Fwp%2Fv2%2Fcategories&post=345"},{"taxonomy":"post_tag","embeddable":true,"href":"https:\/\/archeologiechretienne.ive.org\/index.php?rest_route=%2Fwp%2Fv2%2Ftags&post=345"}],"curies":[{"name":"wp","href":"https:\/\/api.w.org\/{rel}","templated":true}]}}