{"id":594,"date":"2017-01-30T21:33:17","date_gmt":"2017-01-30T21:33:17","guid":{"rendered":"http:\/\/archeologiechretienne.ive.org\/?p=594"},"modified":"2017-01-30T21:33:17","modified_gmt":"2017-01-30T21:33:17","slug":"reliquaire-de-saint-louis-roi-a-la-cathedrale-de-tunis","status":"publish","type":"post","link":"https:\/\/archeologiechretienne.ive.org\/?p=594","title":{"rendered":"RELIQUAIRE DE SAINT LOUIS ROI A LA CATHEDRALE DE TUNIS"},"content":{"rendered":"<p style=\"text-align: center;\"><span style=\"color: #000000;\"><strong>Sur les pas de Saint Louis, le reliquaire de Carthage, <\/strong><\/span><\/p>\n<p style=\"text-align: center;\"><span style=\"color: #000000;\"><strong>chef-d\u2019\u0153uvre m\u00e9connu d\u2019Armand-Caillat<\/strong><\/span><\/p>\n<p style=\"text-align: right;\"><span style=\"color: #000000;\">\u00ab\u00a0<em>Le reliquaire de Saint-Louis de Carthage a les dimensions d\u2019un v\u00e9ritable monument, les deux figures principales suffiraient \u00e0 la r\u00e9putation d\u2019un sculpteur\u00a0<\/em>\u00bb<\/span><\/p>\n<p style=\"text-align: right;\"><span style=\"color: #000000;\">Eug\u00e8ne-Melchior de Vog\u00fc\u00e9, <em>A travers l\u2019Exposition<\/em>, in Revue des Deux Mondes, t.95, 1889.<\/span><\/p>\n<p>&nbsp;<\/p>\n<p><span style=\"color: #000000;\">Monumental et \u00e9lanc\u00e9, le reliquaire de Saint-Louis de Carthage illumine aujourd\u2019hui discr\u00e8tement de son or mat et de ses \u00e9maux polychromes la p\u00e9nombre d\u2019un collat\u00e9ral de la cath\u00e9drale de Tunis. Cisel\u00e9 par le c\u00e9l\u00e8bre orf\u00e8vre lyonnais Armand-Caillat<a style=\"color: #000000;\" href=\"#_edn1\" name=\"_ednref1\">[1]<\/a> ce chef d\u2019\u0153uvre, autrefois acclam\u00e9<a style=\"color: #000000;\" href=\"#_edn2\" name=\"_ednref2\">[2]<\/a>, m\u00e9rite un coup de projecteur.<\/span><\/p>\n<p><span style=\"color: #000000;\">Revenons d\u2019abord en 1884. Soutenu par la France qui vient d\u2019imposer le r\u00e9gime du protectorat au bey de Tunis<a style=\"color: #000000;\" href=\"#_edn3\" name=\"_ednref3\">[3]<\/a>, le cardinal Lavigerie<a style=\"color: #000000;\" href=\"#_edn4\" name=\"_ednref4\">[4]<\/a>, alors archev\u00eaque d\u2019Alger et vicaire apostolique de Tunis fait relever \u00e0 son profit par L\u00e9on XIII le si\u00e8ge m\u00e9tropolitain de Carthage. Souhaitant rendre, apr\u00e8s huit cents ans de sommeil, la premi\u00e8re place \u00e0 son si\u00e8ge archi\u00e9piscopal, le nouveau primat d\u2019Afrique lance d\u2019ambitieux projets. Le premier d\u2019entre eux est la construction d\u2019une cath\u00e9drale \u00e0 Carthage. Elle prendra place sur la colline de Byrsa, devant la modeste chapelle construite par Louis-Philippe sur le lieu suppos\u00e9 de la mort de Saint Louis le 25 ao\u00fbt 1270. Financ\u00e9e par l\u2019\u0152uvre de Carthage du comte de Buisseret, qui fait appel aux descendants des compagnons de Saint Louis<a style=\"color: #000000;\" href=\"#_edn5\" name=\"_ednref5\">[5]<\/a>, la cath\u00e9drale est achev\u00e9e en 1890 et solennellement consacr\u00e9e le 15 mai. Au centre de cette imposante basilique byzantino-mauresque, chacun admire alors ce reliquaire.<\/span><\/p>\n<p><span style=\"color: #000000;\">En bronze dor\u00e9 partiellement \u00e9maill\u00e9, il est compos\u00e9 de trois registres distincts formant une sorte de pyramide et mesure plus de deux m\u00e8tres vingt de haut par pr\u00e8s d\u2019un m\u00e8tre quarante de large<a style=\"color: #000000;\" href=\"#_edn6\" name=\"_ednref6\">[6]<\/a>. La base, soutenue par des dragons ail\u00e9s, est un socle rectangulaire histori\u00e9, au-dessus, deux anges agenouill\u00e9s soutiennent \u00e0 bout de bras une ch\u00e2sse en forme de Sainte-Chapelle.<\/span><\/p>\n<p><span style=\"color: #000000;\">Les grands c\u00f4t\u00e9s du socle, structur\u00e9s par les ailes des dragons, sont orn\u00e9s de motifs floraux encadrant deux sc\u00e8nes de la vie de Saint Louis. Sur le devant, la derni\u00e8re communion du roi malade, soutenu par son fils Philippe, derri\u00e8re, ses adieux \u00e0 sa femme Marguerite devant les remparts d\u2019Aigues-Mortes. Sur les petits c\u00f4t\u00e9s, cisel\u00e9s d\u2019or sur fond noir, apparaissent les noms des donateurs, en t\u00eate desquelles le comte de Chambord et le comte de Paris<a style=\"color: #000000;\" href=\"#_edn7\" name=\"_ednref7\">[7]<\/a>.<\/span><\/p>\n<p><span style=\"color: #000000;\">L\u2019\u00e2me de l\u2019\u0153uvre est sa partie centrale, constitu\u00e9e par deux extraordinaires anges-chevaliers en costumes du XIII<sup>e<\/sup> si\u00e8cle. Celui de droite, symbole de la France chr\u00e9tienne se tient sur un \u00e9cu d\u2019or \u00e0 la croix de J\u00e9rusalem de gueules, et pr\u00e9sente la couronne d\u2019\u00e9pines. Celui de gauche, figure de la France royale, sur un \u00e9cu de France ancien bord\u00e9 de gueules<a style=\"color: #000000;\" href=\"#_edn8\" name=\"_ednref8\">[8]<\/a>, tient d\u00e9licatement le sceptre royal (aujourd\u2019hui disparu). Chacun porte une \u00e9p\u00e9e au c\u00f4t\u00e9 et un manteau fleurdelys\u00e9 recouvrant une partie de la cotte de mailles qui laisse saillir les muscles. Encadr\u00e9s par leurs ailes, ils portent, \u00e0 bout de bras sur un sudarium, un plateau sur lequel repose une Sainte-Chapelle aux vitraux \u00e9maill\u00e9s, le reliquaire proprement dit, vide aujourd\u2019hui.<\/span><\/p>\n<p><span style=\"color: #000000;\">L\u2019histoire des reliques qu\u2019il contenait est connue. C\u2019est une partie des visc\u00e8res de Saint Louis rapport\u00e9es en Sicile par son fr\u00e8re cadet Charles d\u2019Anjou en 1270, conserv\u00e9es ensuite \u00e0 l\u2019abbaye de Monreale pr\u00e8s de Palerme puis offerte par Fran\u00e7ois II des Deux-Siciles au cardinal Lavigerie<a style=\"color: #000000;\" href=\"#_edn9\" name=\"_ednref9\">[9]<\/a>. Elles sont v\u00e9n\u00e9r\u00e9es \u00e0 la cath\u00e9drale de Carthage jusqu\u2019au modus vivendi conclu en 1964 entre le Saint-Si\u00e8ge et la R\u00e9publique de Tunisie<a style=\"color: #000000;\" href=\"#_edn10\" name=\"_ednref10\">[10]<\/a>. La majorit\u00e9 des biens de l\u2019\u00e9glise est alors c\u00e9d\u00e9e \u00e0 l\u2019\u00c9tat tunisien. La cath\u00e9drale Saint-Louis est d\u00e9saffect\u00e9e<a style=\"color: #000000;\" href=\"#_edn11\" name=\"_ednref11\">[11]<\/a> et le reliquaire transf\u00e9r\u00e9 \u00e0 l\u2019\u00e9glise Sainte-Jeanne-d\u2019Arc de Tunis. En 1985, Mgr. Callens, pr\u00e9lat de Tunis en extrait les reliques et les donne \u00e0 l\u2019\u00e9v\u00each\u00e9 de Saint-Denis. L\u00e0, except\u00e9 pour un voyage \u00e0 Saint-Louis du Missouri en ao\u00fbt 1999 avec le prince Louis de Bourbon, duc d\u2019Anjou, elles sont \u00e0 peu pr\u00e8s oubli\u00e9es. Enfin, le 16 octobre 2011, en pr\u00e9sence d\u2019une d\u00e9l\u00e9gation de chevaliers de l\u2019ordre du Saint-S\u00e9pulcre, elles sont solennellement transf\u00e9r\u00e9es \u00e0 la cath\u00e9drale Saint-Louis de Versailles, o\u00f9 depuis, elles sont offertes \u00e0 la v\u00e9n\u00e9ration des fid\u00e8les.<\/span><\/p>\n<p><span style=\"color: #000000;\">Quand au reliquaire d\u2019Armand-Caillat, t\u00e9moin de la br\u00e8ve restauration du primat d\u2019Afrique, il est transf\u00e9r\u00e9 en 1996, sur ordre de Mgr. Fouad Twal, alors \u00e9v\u00eaque de Tunis, \u00e0 la cath\u00e9drale Saint-Vincent-de-Paul<a style=\"color: #000000;\" href=\"#_edn12\" name=\"_ednref12\">[12]<\/a>. Aujourd\u2019hui, mis en valeur au centre d\u2019un important ensemble de reliques provenant des diverses \u00e9glises d\u00e9saffect\u00e9es de Tunisie, il m\u00e9rite une visite, car, vide, mais toujours admirable, il chante encore \u00e0 celui qui l\u2019\u00e9coute le po\u00e8me du roi chr\u00e9tien.<\/span><\/p>\n<p><span style=\"color: #000000;\">Remerciements \u00e0 Mgr. Jean-Louis Papin, \u00e9v\u00eaque de Nancy, au R.P. Silvio Gaston Moreno, vicaire de la Cath\u00e9drale Saint-Vincent-de-Paul de Tunis, et \u00e0 MM. Bernard Berthod, \u00c9tienne Martin, Ulrich M\u00fcnstermann et Adel Skhiri.<\/span><\/p>\n<p>&nbsp;<\/p>\n<p style=\"text-align: left;\"><span style=\"color: #000000;\"><strong>AUTEUR DE CET ARTICLE: Jean-Christophe Palthey.\u00a0<\/strong><\/span><span style=\"color: #000000;\"><strong>Extrait de\u00a0:\u00a0<\/strong><\/span><span style=\"color: #000000;\"><strong>\u00ab\u00a0Les Nouvelles de la Lieutenance de France. Ordre \u00e9questre du Saint-S\u00e9pulcre de J\u00e9rusalem, janvier 2017, n\u00b0 83\u00a0\u00bb<\/strong><\/span><\/p>\n<p>&nbsp;<\/p>\n<hr \/>\n<p><a href=\"#_ednref1\" name=\"_edn1\">[1]<\/a> Thomas Joseph Armand dit Armand-Caillat (1822-1901), de cet artiste inspir\u00e9, Bernard Berthod \u00e9crit dans son <em>Dictionnaire des arts liturgiques<\/em> \u00ab\u00a0La grande originalit\u00e9 de son \u0153uvre est sa port\u00e9e spirituelle. L\u2019objet devient un po\u00e8me centr\u00e9 sur un th\u00e8me ou une id\u00e9e auquel concourent les sc\u00e8nes, les inscriptions, les couleurs, les gemmes et les formes.\u00a0\u00bb<\/p>\n<p><a href=\"#_ednref2\" name=\"_edn2\"><sup>[2]<\/sup><\/a> Avant d\u2019\u00eatre install\u00e9 \u00e0 Carthage, il fut pr\u00e9sent\u00e9 \u00e0 la Procure des Missions d\u2019Afrique en 1887 et \u00e0 l\u2019exposition universelle de 1889. Un commentaire irrempla\u00e7able par l\u2019Abb\u00e9 Reure est consultable sur internet. <em>Le reliquaire de Saint-Louis de Carthage<\/em>, Lyon, imprimerie Mougin-Rusand, 1887.<\/p>\n<p><a href=\"#_ednref3\" name=\"_edn3\"><sup>[3]<\/sup><\/a> Trait\u00e9 du Bardo 12 mai 1881.<\/p>\n<p><a href=\"#_ednref4\" name=\"_edn4\">[4]<\/a> Chevalier du Saint S\u00e9pulcre depuis 1859, il en arborait volontiers les insignes. Cf. l\u2019article de M. \u00c9tienne Martin, <em>\u00c0 propos du portrait de Mgr Allemand-Lavigerie, \u00e9v\u00eaque de Nancy, conserv\u00e9 \u00e0 l\u2019\u00c9v\u00each\u00e9 de Nancy et de Toul<\/em>, Le Pays Lorrain, 90\u00a0(2009), 241-244.<\/p>\n<p><a href=\"#_ednref5\" name=\"_edn5\"><sup>[5]<\/sup><\/a> Les armes de 234 souscripteurs, descendants de crois\u00e9s, y sont toujours grav\u00e9es dans le marbre sur les murs et les colonnes.<\/p>\n<p><a href=\"#_ednref6\" name=\"_edn6\"><sup>[6]<\/sup><\/a> Actuellement pr\u00e9sent\u00e9 sur une modeste structure m\u00e9tallique d\u2019une cinquantaine de centim\u00e8tres, il \u00e9tait dans la cath\u00e9drale de Carthage au sommet d\u2019un imposant autel architectur\u00e9 en marbre \u00e0 deux \u00e9tages, orn\u00e9 d\u2019une d\u00e9dicace d\u00e9butant par les acclamations carolingiennes XPC\u00a0: VINCIT\u00a0: XPC\u00a0: REGNAT\u00a0: XPC\u00a0: IMPERAT, derri\u00e8re IN\u00a0: HONOREM\u00a0: S.LUDOVICI\u00a0: FRANCORUM\u00a0: REG, et sur les c\u00f4t\u00e9s EX\u00a0: OSSIB\u00a0: S.LUDOV\u00a0\/ EX\u00a0: PR\u00c6C\u00a0: S. LUDOV. L\u2019ensemble devait alors mesurer plus de cinq m\u00e8tres de haut. L\u2019autel est toujours en place \u00e0 Carthage.<\/p>\n<p><a href=\"#_ednref7\" name=\"_edn7\"><sup>[7]<\/sup><\/a> Tous deux chevaliers du Saint S\u00e9pulcre, depuis 1822 et 1884.<\/p>\n<p><a href=\"#_ednref8\" name=\"_edn8\"><sup>[8]<\/sup><\/a> Cette curieuse bordure de gueules est peut-\u00eatre une volont\u00e9 d\u2019Armand-Caillat de repr\u00e9senter les armes d\u2019Anjou, pour \u00e9voquer Charles d\u2019Anjou, fr\u00e8re du roi.<\/p>\n<p><a href=\"#_ednref9\" name=\"_edn9\"><sup>[9]<\/sup><\/a> Ainsi qu\u2019un petit morceau d\u2019os du cr\u00e2ne ayant une autre origine.<\/p>\n<p><a href=\"#_ednref10\" name=\"_edn10\"><sup>[10]<\/sup><\/a> Les catholiques ayant massivement quitt\u00e9 la Tunisie apr\u00e8s l\u2019ind\u00e9pendance en 1956, le si\u00e8ge archi\u00e9piscopal de Carthage redevint un si\u00e8ge titulaire dont le premier b\u00e9n\u00e9ficiaire fut, en 1967, le cardinal Casaroli&#8230; signataire du modus vivendi. Apr\u00e8s 1964, la Tunisie devint une pr\u00e9lature territoriale, \u00e9rig\u00e9e en dioc\u00e8se en 1995, puis en archidioc\u00e8se en 2010. Mgr. Ilario Antoniazi, ancien s\u00e9minariste \u00e0 Beit-Jala, est depuis 2013 archev\u00eaque de Tunis, il succ\u00e8de \u00e0 Mgr. Maroun Lahham.<\/p>\n<p><a href=\"#_ednref11\" name=\"_edn11\"><sup>[11]<\/sup><\/a> C\u2019est aujourd\u2019hui un centre culturel appel\u00e9 Acropolium.<\/p>\n<p><a href=\"#_ednref12\" name=\"_edn12\"><sup>[12]<\/sup><\/a> Inaugur\u00e9e en 1897, la cath\u00e9drale Saint-Vincent-de-Paul de Tunis est situ\u00e9e avenue Habib-Bourguiba en face de l\u2019ambassade de France.<\/p>\n<hr \/>\n<p><a href=\"https:\/\/i0.wp.com\/archeologiechretienne.ive.org\/wp-content\/uploads\/2017\/01\/reliquaire-saint-Louis-1.jpg\"><img data-recalc-dims=\"1\" loading=\"lazy\" decoding=\"async\" class=\"size-full wp-image-596 aligncenter\" src=\"https:\/\/i0.wp.com\/archeologiechretienne.ive.org\/wp-content\/uploads\/2017\/01\/reliquaire-saint-Louis-1.jpg?resize=378%2C572\" alt=\"\" width=\"378\" height=\"572\" srcset=\"https:\/\/i0.wp.com\/archeologiechretienne.ive.org\/wp-content\/uploads\/2017\/01\/reliquaire-saint-Louis-1.jpg?w=378&amp;ssl=1 378w, https:\/\/i0.wp.com\/archeologiechretienne.ive.org\/wp-content\/uploads\/2017\/01\/reliquaire-saint-Louis-1.jpg?resize=198%2C300&amp;ssl=1 198w, https:\/\/i0.wp.com\/archeologiechretienne.ive.org\/wp-content\/uploads\/2017\/01\/reliquaire-saint-Louis-1.jpg?resize=99%2C150&amp;ssl=1 99w\" sizes=\"auto, (max-width: 378px) 100vw, 378px\" \/><\/a><\/p>\n<p style=\"text-align: center;\">Reliquaire de Saint Louis \u00e0 la Cath\u00e9drale-Primatiale de Carthage<\/p>\n<p><a href=\"https:\/\/i0.wp.com\/archeologiechretienne.ive.org\/wp-content\/uploads\/2017\/01\/reliquaire-saint-Louis.jpg\"><img data-recalc-dims=\"1\" loading=\"lazy\" decoding=\"async\" class=\"wp-image-595 aligncenter\" src=\"https:\/\/i0.wp.com\/archeologiechretienne.ive.org\/wp-content\/uploads\/2017\/01\/reliquaire-saint-Louis.jpg?resize=376%2C549\" alt=\"\" width=\"376\" height=\"549\" srcset=\"https:\/\/i0.wp.com\/archeologiechretienne.ive.org\/wp-content\/uploads\/2017\/01\/reliquaire-saint-Louis.jpg?w=361&amp;ssl=1 361w, https:\/\/i0.wp.com\/archeologiechretienne.ive.org\/wp-content\/uploads\/2017\/01\/reliquaire-saint-Louis.jpg?resize=206%2C300&amp;ssl=1 206w, https:\/\/i0.wp.com\/archeologiechretienne.ive.org\/wp-content\/uploads\/2017\/01\/reliquaire-saint-Louis.jpg?resize=103%2C150&amp;ssl=1 103w\" sizes=\"auto, (max-width: 376px) 100vw, 376px\" \/><\/a><\/p>\n<p style=\"text-align: center;\">Reliquaire \u00e0 la Cath\u00e9drale de Tunis<\/p>\n<p>&nbsp;<\/p>\n<p style=\"text-align: center;\"><a href=\"https:\/\/i0.wp.com\/archeologiechretienne.ive.org\/wp-content\/uploads\/2017\/01\/20140925_104647.jpg\"><img data-recalc-dims=\"1\" loading=\"lazy\" decoding=\"async\" class=\"alignnone  wp-image-599\" src=\"https:\/\/i0.wp.com\/archeologiechretienne.ive.org\/wp-content\/uploads\/2017\/01\/20140925_104647.jpg?resize=536%2C402\" alt=\"\" width=\"536\" height=\"402\" srcset=\"https:\/\/i0.wp.com\/archeologiechretienne.ive.org\/wp-content\/uploads\/2017\/01\/20140925_104647.jpg?resize=1024%2C768&amp;ssl=1 1024w, https:\/\/i0.wp.com\/archeologiechretienne.ive.org\/wp-content\/uploads\/2017\/01\/20140925_104647.jpg?resize=300%2C225&amp;ssl=1 300w, https:\/\/i0.wp.com\/archeologiechretienne.ive.org\/wp-content\/uploads\/2017\/01\/20140925_104647.jpg?resize=768%2C576&amp;ssl=1 768w, https:\/\/i0.wp.com\/archeologiechretienne.ive.org\/wp-content\/uploads\/2017\/01\/20140925_104647.jpg?resize=200%2C150&amp;ssl=1 200w, https:\/\/i0.wp.com\/archeologiechretienne.ive.org\/wp-content\/uploads\/2017\/01\/20140925_104647.jpg?resize=150%2C113&amp;ssl=1 150w, https:\/\/i0.wp.com\/archeologiechretienne.ive.org\/wp-content\/uploads\/2017\/01\/20140925_104647.jpg?w=2048&amp;ssl=1 2048w, https:\/\/i0.wp.com\/archeologiechretienne.ive.org\/wp-content\/uploads\/2017\/01\/20140925_104647.jpg?w=1960 1960w\" sizes=\"auto, (max-width: 536px) 100vw, 536px\" \/><\/a><\/p>\n<p><a href=\"https:\/\/i0.wp.com\/archeologiechretienne.ive.org\/wp-content\/uploads\/2017\/01\/20160121_120927.jpg\"><img data-recalc-dims=\"1\" loading=\"lazy\" decoding=\"async\" class=\"wp-image-598 aligncenter\" src=\"https:\/\/i0.wp.com\/archeologiechretienne.ive.org\/wp-content\/uploads\/2017\/01\/20160121_120927.jpg?resize=378%2C631\" alt=\"\" width=\"378\" height=\"631\" srcset=\"https:\/\/i0.wp.com\/archeologiechretienne.ive.org\/wp-content\/uploads\/2017\/01\/20160121_120927.jpg?resize=614%2C1024&amp;ssl=1 614w, https:\/\/i0.wp.com\/archeologiechretienne.ive.org\/wp-content\/uploads\/2017\/01\/20160121_120927.jpg?resize=180%2C300&amp;ssl=1 180w, https:\/\/i0.wp.com\/archeologiechretienne.ive.org\/wp-content\/uploads\/2017\/01\/20160121_120927.jpg?resize=768%2C1280&amp;ssl=1 768w, https:\/\/i0.wp.com\/archeologiechretienne.ive.org\/wp-content\/uploads\/2017\/01\/20160121_120927.jpg?resize=90%2C150&amp;ssl=1 90w, https:\/\/i0.wp.com\/archeologiechretienne.ive.org\/wp-content\/uploads\/2017\/01\/20160121_120927.jpg?w=1536&amp;ssl=1 1536w\" sizes=\"auto, (max-width: 378px) 100vw, 378px\" \/><\/a><\/p>\n<p style=\"text-align: center;\">Relique de Saint Louis conserv\u00e9e dans la chapelle priv\u00e9e des p\u00e8res de la Cath\u00e9drale.<\/p>\n<p style=\"text-align: center;\">Instrument de penitence<\/p>\n<p style=\"text-align: center;\">(Photos P. Silvio Moreno, IVE)<\/p>\n","protected":false},"excerpt":{"rendered":"<p>Sur les pas de Saint Louis, le reliquaire de Carthage, chef-d\u2019\u0153uvre m\u00e9connu d\u2019Armand-Caillat \u00ab\u00a0Le reliquaire de Saint-Louis de Carthage a les dimensions d\u2019un v\u00e9ritable monument, les deux figures principales suffiraient \u00e0 la r\u00e9putation d\u2019un sculpteur\u00a0\u00bb Eug\u00e8ne-Melchior de Vog\u00fc\u00e9, A travers l\u2019Exposition, in Revue des Deux Mondes, t.95, 1889. &nbsp; Monumental \u2026<\/p>\n<p class=\"continue-reading-button\"> <a class=\"continue-reading-link\" href=\"https:\/\/archeologiechretienne.ive.org\/?p=594\">Continuer \u00e0 lire<i class=\"crycon-right-dir\"><\/i><\/a><\/p>\n","protected":false},"author":1,"featured_media":595,"comment_status":"open","ping_status":"open","sticky":false,"template":"","format":"standard","meta":{"jetpack_post_was_ever_published":false,"_jetpack_newsletter_access":"","_jetpack_dont_email_post_to_subs":false,"_jetpack_newsletter_tier_id":0,"_jetpack_memberships_contains_paywalled_content":false,"_jetpack_memberships_contains_paid_content":false,"footnotes":"","jetpack_publicize_message":"","jetpack_publicize_feature_enabled":true,"jetpack_social_post_already_shared":true,"jetpack_social_options":{"image_generator_settings":{"template":"highway","default_image_id":0,"font":"","enabled":false},"version":2}},"categories":[98],"tags":[27,56,58,91,160],"class_list":["post-594","post","type-post","status-publish","format-standard","has-post-thumbnail","hentry","category-art-chretien","tag-archeologie-chretienne","tag-art-chretien","tag-cathedrale-de-tunis","tag-reliquaire-de-saint-louis","tag-saint-louis"],"jetpack_publicize_connections":[],"jetpack_featured_media_url":"https:\/\/i0.wp.com\/archeologiechretienne.ive.org\/wp-content\/uploads\/2017\/01\/reliquaire-saint-Louis.jpg?fit=361%2C527&ssl=1","jetpack_sharing_enabled":true,"jetpack_shortlink":"https:\/\/wp.me\/p5FzU9-9A","_links":{"self":[{"href":"https:\/\/archeologiechretienne.ive.org\/index.php?rest_route=\/wp\/v2\/posts\/594","targetHints":{"allow":["GET"]}}],"collection":[{"href":"https:\/\/archeologiechretienne.ive.org\/index.php?rest_route=\/wp\/v2\/posts"}],"about":[{"href":"https:\/\/archeologiechretienne.ive.org\/index.php?rest_route=\/wp\/v2\/types\/post"}],"author":[{"embeddable":true,"href":"https:\/\/archeologiechretienne.ive.org\/index.php?rest_route=\/wp\/v2\/users\/1"}],"replies":[{"embeddable":true,"href":"https:\/\/archeologiechretienne.ive.org\/index.php?rest_route=%2Fwp%2Fv2%2Fcomments&post=594"}],"version-history":[{"count":3,"href":"https:\/\/archeologiechretienne.ive.org\/index.php?rest_route=\/wp\/v2\/posts\/594\/revisions"}],"predecessor-version":[{"id":602,"href":"https:\/\/archeologiechretienne.ive.org\/index.php?rest_route=\/wp\/v2\/posts\/594\/revisions\/602"}],"wp:featuredmedia":[{"embeddable":true,"href":"https:\/\/archeologiechretienne.ive.org\/index.php?rest_route=\/wp\/v2\/media\/595"}],"wp:attachment":[{"href":"https:\/\/archeologiechretienne.ive.org\/index.php?rest_route=%2Fwp%2Fv2%2Fmedia&parent=594"}],"wp:term":[{"taxonomy":"category","embeddable":true,"href":"https:\/\/archeologiechretienne.ive.org\/index.php?rest_route=%2Fwp%2Fv2%2Fcategories&post=594"},{"taxonomy":"post_tag","embeddable":true,"href":"https:\/\/archeologiechretienne.ive.org\/index.php?rest_route=%2Fwp%2Fv2%2Ftags&post=594"}],"curies":[{"name":"wp","href":"https:\/\/api.w.org\/{rel}","templated":true}]}}