{"id":609,"date":"2017-03-10T10:15:39","date_gmt":"2017-03-10T10:15:39","guid":{"rendered":"http:\/\/archeologiechretienne.ive.org\/?p=609"},"modified":"2017-03-10T10:15:39","modified_gmt":"2017-03-10T10:15:39","slug":"saintes-perpetue-et-felicite-et-leurs-compagnons-martyrs","status":"publish","type":"post","link":"https:\/\/archeologiechretienne.ive.org\/?p=609","title":{"rendered":"SAINTES PERPETUE ET FELICITE ET LEURS COMPAGNONS MARTYRS"},"content":{"rendered":"<p><a href=\"https:\/\/www.youtube.com\/watch?v=0IB1W3shhro\" target=\"_blank\"><img data-recalc-dims=\"1\" loading=\"lazy\" decoding=\"async\" class=\"alignnone size-full wp-image-610\" src=\"https:\/\/i0.wp.com\/archeologiechretienne.ive.org\/wp-content\/uploads\/2017\/03\/im.png?resize=980%2C551\" alt=\"\" width=\"980\" height=\"551\" srcset=\"https:\/\/i0.wp.com\/archeologiechretienne.ive.org\/wp-content\/uploads\/2017\/03\/im.png?w=1000&amp;ssl=1 1000w, https:\/\/i0.wp.com\/archeologiechretienne.ive.org\/wp-content\/uploads\/2017\/03\/im.png?resize=300%2C169&amp;ssl=1 300w, https:\/\/i0.wp.com\/archeologiechretienne.ive.org\/wp-content\/uploads\/2017\/03\/im.png?resize=768%2C432&amp;ssl=1 768w, https:\/\/i0.wp.com\/archeologiechretienne.ive.org\/wp-content\/uploads\/2017\/03\/im.png?resize=250%2C141&amp;ssl=1 250w, https:\/\/i0.wp.com\/archeologiechretienne.ive.org\/wp-content\/uploads\/2017\/03\/im.png?resize=150%2C84&amp;ssl=1 150w, https:\/\/i0.wp.com\/archeologiechretienne.ive.org\/wp-content\/uploads\/2017\/03\/im.png?resize=360%2C201&amp;ssl=1 360w\" sizes=\"auto, (max-width: 980px) 100vw, 980px\" \/><\/a><\/p>\n<p><span style=\"color: #000000;\">Nous ne pouvons pas h\u00e9siter \u00e0 dire que Perp\u00e9tue et F\u00e9licit\u00e9 et leurs compagnons martyrs \u00e9taient de chr\u00e9tiens d\u2019une r\u00e9sistance spirituelle vraiment incroyable. Un exemple d\u2019h\u00e9ro\u00efsme pour chacun de nous.\u00a0La force d\u2019\u00e2me qu\u2019ils poss\u00e9daient \u00e9tait comparable \u00e0 celle de n\u2019importe quel grand saint notoire dans l\u2019histoire de l\u2019\u00c9glise catholique. Il s\u2019agit des \u00e2mes dont les convictions et l\u2019identit\u00e9 chr\u00e9tiennes passent avant n\u2019importe quoi. Il s\u2019agit d\u2019une v\u00e9ritable coh\u00e9rence de vie chr\u00e9tienne jusqu\u2019au bout. Perp\u00e9tue et F\u00e9licit\u00e9, en particulier, ne fl\u00e9chissent ni devant les sentiments naturels, ni devant l\u2019amour qu\u2019elles ont pour leurs b\u00e9b\u00e9s, encore moins devant les menaces de supplices \u00e9pouvantables qui les attendent. Dans la prison, ce sont elles qui servaient d\u2019exemple pour les autres et qui les encourageaient \u00e0 \u00eatre fermes dans leur foi chr\u00e9tienne, car la cause de leur condamnation, il n\u2019y en a pas de plus noble.<\/span><\/p>\n<p><span style=\"color: #000000;\">Mais ce qui est le plus \u00e9tonnant, ce qui avivait l\u2019\u00e2me de ces jeunes femmes, c\u2019\u00e9tait la richesse de leur vie spirituelle et leur profonde relation avec Dieu. Dans la prison o\u00f9 elles furent d\u00e9tenues, elles exp\u00e9rimentaient tr\u00e8s fr\u00e9quemment la pr\u00e9sence de Dieu et le souffle de l\u2019Esprit Saint. En maintes occasions, ces \u00e2mes ont \u00e9t\u00e9 transport\u00e9es par l\u2019extase et envelopp\u00e9es par des visions \u00e0 grandes images o\u00f9 l\u2019angoisse du destin qui les attendait, pouvait s\u2019unir \u00e0 l\u2019espoir indestructible du tout proche Paradis et du salut \u00e9ternel.\u00a0<\/span><span style=\"color: #000000;\">En confirmant cette v\u00e9rit\u00e9 saint Jean Chrysostome\u00a0\u00e9crivait\u00a0:<strong>\u00a0 <\/strong><\/span><\/p>\n<blockquote>\n<p style=\"text-align: center;\"><span style=\"color: #000000;\"><strong>\u00ab\u00a0J\u2019aim<wbr \/>e \u00e0 lire les Actes des Martyrs\u00a0; mais j\u2019avoue mon attrait particulier pour ceux qui retracent les combats qu\u2019ont soutenus les femmes chr\u00e9tiennes. Plus faible est l\u2019athl\u00e8te, plus glorieuse est la victoire\u00a0; car c\u2019est alors que l\u2019ennemi voit venir sa d\u00e9faite du c\u00f4t\u00e9 m\u00eame o\u00f9 jusqu\u2019alors il triomphait. Ce fut par la femme qu\u2019il nous vainquit\u00a0; et c\u2019est maintenant par elle qu\u2019il est terrass\u00e9. Elle fut entre ses mains une arme contre nous\u00a0; elle devient le glaive qui le transperce. Au commencement, la femme p\u00e9cha, et pour prix de son p\u00e9ch\u00e9 eut la mort en partage\u00a0; la martyre meurt, mais elle meurt pour ne pas p\u00e9cher. S\u00e9duite par une promesse mensong\u00e8re, la femme viola le pr\u00e9cepte de Dieu\u00a0; pour ne pas enfreindre sa fid\u00e9lit\u00e9 envers son divin bienfaiteur, la martyre sacrifie plut\u00f4t sa vie. Quelle excuse maintenant pr\u00e9sentera l\u2019homme pour se faire pardonner la mollesse, quand de simples femmes d\u00e9ploient un si m\u00e2le courage\u00a0; quand on les a vues, faibles et d\u00e9licates, triompher de l\u2019inf\u00e9riorit\u00e9 de leur sexe, et, fortifi\u00e9es par la gr\u00e2ce, remporter de si \u00e9clatantes victoires\u00a0?\u00a0\u00bb<a style=\"color: #000000;\" title=\"\" href=\"https:\/\/inbox.google.com\/#m_-3907373032313130115_m_8186642591872948365__ftn1\" name=\"m_-3907373032313130115_m_8186642591872948365__ftnref1\">[1]<\/a>.<\/strong><\/span><br \/>\n<span style=\"color: #000000;\">\u00a0<\/span><br \/>\n<span style=\"color: #000000;\">Apr\u00e8s le Te Deum que tous les p\u00e8lerins chantaient \u00e0 l\u2019amphith\u00e9\u00e2tre au jour des martyrs de Carthage, un grand ch\u0153ur, plein de vie et de foi, termina la\u00a0c\u00e9r\u00e9monie\u00a0:\u00a0<\/span><\/p>\n<p style=\"text-align: center;\"><strong><span style=\"color: #000000;\">Sol sanglant, terre de Carthage,<\/span><\/strong><br \/>\n<strong><span style=\"color: #000000;\">O\u00f9 s\u2019exer\u00e7a la fureur des pa\u00efens<\/span><\/strong><br \/>\n<strong><span style=\"color: #000000;\">Les saints Martyrs disons le fier langage.<\/span><\/strong><br \/>\n<strong><span style=\"color: #000000;\">Fils des chr\u00e9tiens, brisons nos liens.<\/span><\/strong><br \/>\n<strong><span style=\"color: #000000;\">Soyez, Seigneur, notre partage\u00a0!<\/span><\/strong><\/p>\n<\/blockquote>\n<p><span style=\"color: #000000;\">Oui Seigneur soit notre partage\u00a0! Que sainte Perp\u00e9tue et sainte F\u00e9licit\u00e9 et leurs compagnons, que tous les glorieux martyrs de Carthage, nous obtiennent la gr\u00e2ce d\u2019une foi intense, profonde et pers\u00e9v\u00e9rante jusqu\u2019\u00e0 la consommation d\u00e9finitive du R\u00e8gne du Christ. Amen. \u00a0<\/span><\/p>\n<p style=\"text-align: center;\"><strong><span style=\"color: #000000;\">P. Silvio Moreno, IVE\u00a0\u00a0<\/span><\/strong><\/p>\n","protected":false},"excerpt":{"rendered":"<p>Nous ne pouvons pas h\u00e9siter \u00e0 dire que Perp\u00e9tue et F\u00e9licit\u00e9 et leurs compagnons martyrs \u00e9taient de chr\u00e9tiens d\u2019une r\u00e9sistance spirituelle vraiment incroyable. Un exemple d\u2019h\u00e9ro\u00efsme pour chacun de nous.\u00a0La force d\u2019\u00e2me qu\u2019ils poss\u00e9daient \u00e9tait comparable \u00e0 celle de n\u2019importe quel grand saint notoire dans l\u2019histoire de l\u2019\u00c9glise catholique. Il \u2026<\/p>\n<p class=\"continue-reading-button\"> <a class=\"continue-reading-link\" href=\"https:\/\/archeologiechretienne.ive.org\/?p=609\">Continuer \u00e0 lire<i class=\"crycon-right-dir\"><\/i><\/a><\/p>\n","protected":false},"author":1,"featured_media":0,"comment_status":"open","ping_status":"open","sticky":false,"template":"","format":"standard","meta":{"jetpack_post_was_ever_published":false,"_jetpack_newsletter_access":"","_jetpack_dont_email_post_to_subs":false,"_jetpack_newsletter_tier_id":0,"_jetpack_memberships_contains_paywalled_content":false,"_jetpack_memberships_contains_paid_content":false,"footnotes":"","jetpack_publicize_message":"","jetpack_publicize_feature_enabled":true,"jetpack_social_post_already_shared":true,"jetpack_social_options":{"image_generator_settings":{"template":"highway","default_image_id":0,"font":"","enabled":false},"version":2}},"categories":[24,23,93],"tags":[22,27,161,67,39,38],"class_list":["post-609","post","type-post","status-publish","format-standard","hentry","category-acte-des-martyrs","category-martyrs-chretiens","category-saints-africains","tag-amphitheatre-de-carthage","tag-archeologie-chretienne","tag-basilique-majorum","tag-carthage-chretienne","tag-felicite","tag-perpetue"],"jetpack_publicize_connections":[],"jetpack_featured_media_url":"","jetpack_sharing_enabled":true,"jetpack_shortlink":"https:\/\/wp.me\/p5FzU9-9P","_links":{"self":[{"href":"https:\/\/archeologiechretienne.ive.org\/index.php?rest_route=\/wp\/v2\/posts\/609","targetHints":{"allow":["GET"]}}],"collection":[{"href":"https:\/\/archeologiechretienne.ive.org\/index.php?rest_route=\/wp\/v2\/posts"}],"about":[{"href":"https:\/\/archeologiechretienne.ive.org\/index.php?rest_route=\/wp\/v2\/types\/post"}],"author":[{"embeddable":true,"href":"https:\/\/archeologiechretienne.ive.org\/index.php?rest_route=\/wp\/v2\/users\/1"}],"replies":[{"embeddable":true,"href":"https:\/\/archeologiechretienne.ive.org\/index.php?rest_route=%2Fwp%2Fv2%2Fcomments&post=609"}],"version-history":[{"count":8,"href":"https:\/\/archeologiechretienne.ive.org\/index.php?rest_route=\/wp\/v2\/posts\/609\/revisions"}],"predecessor-version":[{"id":618,"href":"https:\/\/archeologiechretienne.ive.org\/index.php?rest_route=\/wp\/v2\/posts\/609\/revisions\/618"}],"wp:attachment":[{"href":"https:\/\/archeologiechretienne.ive.org\/index.php?rest_route=%2Fwp%2Fv2%2Fmedia&parent=609"}],"wp:term":[{"taxonomy":"category","embeddable":true,"href":"https:\/\/archeologiechretienne.ive.org\/index.php?rest_route=%2Fwp%2Fv2%2Fcategories&post=609"},{"taxonomy":"post_tag","embeddable":true,"href":"https:\/\/archeologiechretienne.ive.org\/index.php?rest_route=%2Fwp%2Fv2%2Ftags&post=609"}],"curies":[{"name":"wp","href":"https:\/\/api.w.org\/{rel}","templated":true}]}}